{"id":9151,"date":"2020-04-07T12:13:51","date_gmt":"2020-04-07T12:13:51","guid":{"rendered":"https:\/\/radiobutiabrasil.com\/?p=9151"},"modified":"2020-08-28T17:32:08","modified_gmt":"2020-08-28T17:32:08","slug":"a-musica-infantil-e-o-rio","status":"publish","type":"post","link":"https:\/\/radiobutiabrasil.com\/?p=9151","title":{"rendered":"A cena musical para crian\u00e7as no Rio de Janeiro"},"content":{"rendered":"<div class=\"wp-block-columns is-layout-flex wp-container-core-columns-is-layout-1 wp-block-columns-is-layout-flex\"><div class=\"wp-block-column is-layout-flow wp-block-column-is-layout-flow\" style=\"flex-basis: 33.33%;\"><h2 class=\"wp-block-image size-large\"><img loading=\"lazy\" decoding=\"async\" class=\"alignnone size-medium wp-image-9169\" src=\"https:\/\/radiobutiabrasil.com\/wp-content\/uploads\/2020\/04\/Lives-RJ-300x300.jpg\" alt=\"\" width=\"300\" height=\"300\" srcset=\"https:\/\/radiobutiabrasil.com\/wp-content\/uploads\/2020\/04\/Lives-RJ-300x300.jpg 300w, https:\/\/radiobutiabrasil.com\/wp-content\/uploads\/2020\/04\/Lives-RJ-150x150.jpg 150w, https:\/\/radiobutiabrasil.com\/wp-content\/uploads\/2020\/04\/Lives-RJ-768x768.jpg 768w, https:\/\/radiobutiabrasil.com\/wp-content\/uploads\/2020\/04\/Lives-RJ-324x324.jpg 324w, https:\/\/radiobutiabrasil.com\/wp-content\/uploads\/2020\/04\/Lives-RJ-416x416.jpg 416w, https:\/\/radiobutiabrasil.com\/wp-content\/uploads\/2020\/04\/Lives-RJ-100x100.jpg 100w, https:\/\/radiobutiabrasil.com\/wp-content\/uploads\/2020\/04\/Lives-RJ.jpg 960w\" sizes=\"auto, (max-width: 300px) 100vw, 300px\" \/>Assista as lives desta semana!!!<\/h2><\/div>\r\n\r\n<div class=\"wp-block-column is-layout-flow wp-block-column-is-layout-flow\" style=\"flex-basis: 66.66%;\"><p>A <em><strong>R\u00e1dio Buti\u00e1 Brasil<\/strong><\/em> apresenta uma sele\u00e7\u00e3o de can\u00e7\u00f5es de grupos e artistas que comp\u00f5e o coletivo <strong>M\u00daSICA PARA CRIAN\u00c7AS RJ<\/strong>. O coletivo busca conectar os grupos para fortalecer a cria\u00e7\u00e3o e a circula\u00e7\u00e3o da produ\u00e7\u00e3o musical para crian\u00e7a no pa\u00eds e no nosso continente. Para que conhe\u00e7am um pouquinho da obra de cada um, que \u00e9 bastante plural e rica, escolhemos 13 can\u00e7\u00f5es, 13 j\u00f3ias da m\u00fasica brasileira para a inf\u00e2ncia! Que desfrutem!<\/p><\/div><\/div>\n <div id=\"wrapperMI_0\" class=\"wrap-mjp nostop flip \" style=\"position: relative; padding:5px 0px 30px 0px; margin:0px; width:100%;\">\n\t<div style=\"display:none;\" class=\"Eabove-mjp\" id=\"Eabove-mjp_0\"><\/div>\n\t <div class=\"subwrap-MI\">\n\t\t <div class=\"jp-innerwrap\">\n\t\t\t <div class=\"innerx\"><\/div>\n\t\t\t <div class=\"innerleft\"><\/div>\n\t\t\t <div class=\"innerright\"><\/div>\n\t\t\t <div class=\"innertab\"><\/div>\n\t\t\t <div class=\"interface-mjp\" style=\"height:120px;\" id=\"interfaceMI_0\">\n\t\t\t\t <div class=\"MI-image Himg left-mjp\" id=\"MI_image_0\" style=\" width:auto; height:120px; overflow:false;\"><\/div>\n\t\t\t\t <div id=\"T_mp3j_0\" class=\"player-track-title right-mjp bold-mjp plain-mjp childNorm-mjp childItalic-mjp\" style=\"left:36px; right:36px;  top:30px;\"><\/div>\n\t\t\t\t <div class=\"bars_holder\">\n\t\t\t\t\t <div class=\"loadMI_mp3j\" id=\"load_mp3j_0\"><\/div>\n\t\t\t\t\t <div class=\"poscolMI_mp3j soften-mjp\" id=\"poscol_mp3j_0\"><\/div>\n\t\t\t\t\t <div class=\"posbarMI_mp3j\" id=\"posbar_mp3j_0\"><\/div>\n\t\t\t\t <\/div>\n\t\t\t\t <div id=\"P-Time-MI_0\" class=\"jp-play-time\"><\/div>\n\t\t\t\t <div id=\"T-Time-MI_0\" class=\"jp-total-time\"><\/div>\n\t\t\t\t <div id=\"statusMI_0\" class=\"statusMI\"><\/div>\n\t\t\t\t <div class=\"transport-MI\"><div class=\"play-mjp\" id=\"playpause_mp3j_0\">Play<\/div><div class=\"stop-mjp\" id=\"stop_mp3j_0\">Stop<\/div><div class=\"next-mjp\" id=\"Next_mp3j_0\">Next&raquo;<\/div><div class=\"prev-mjp\" id=\"Prev_mp3j_0\">&laquo;Prev<\/div><\/div>\n\t\t\t\t <div class=\"buttons-wrap-mjp\" id=\"buttons-wrap-mjp_0\">\n\t\t\t\t\t <div class=\"playlist-toggle-MI\" id=\"playlist-toggle_0\">HIDE PLAYLIST<\/div>\n\t\t\t\t\t <div class=\"mp3j-popout-MI\" id=\"lpp_mp3j_0\" style=\"display:none;\"><\/div>\n\t\t\t\t\t \n\t\t\t\t <\/div>\n\t\t\t <\/div>\n\t\t\t <div class=\"mjp-volwrap\">\n\t\t\t\t <div class=\"MIsliderVolume\" id=\"vol_mp3j_0\"><\/div>\n\t\t\t\t <div class=\"innerExt1\" id=\"innerExt1_0\"><\/div>\n\t\t\t\t <div class=\"innerExt2\" id=\"innerExt2_0\"><\/div>\n\t\t\t <\/div>\n\t\t <\/div>\n\t\t <div style=\"display:none;\" class=\"Ebetween-mjp\" id=\"Ebetween-mjp_0\"><\/div>\n\t\t <div class=\"listwrap_mp3j\" id=\"L_mp3j_0\"><div class=\"wrapper-mjp\"><div class=\"playlist-colour\"><\/div><div class=\"wrapper-mjp\"><ul class=\"ul-mjp childNorm-mjp childPlain-mjp left-mjp\" id=\"UL_mp3j_0\"><li><\/li><\/ul><\/div><\/div><\/div>\n\t <\/div>\n\t <div id=\"mp3j_finfo_0\" class=\"mp3j-finfo\" style=\"display:none;\"><div class=\"mp3j-finfo-sleeve\"><div id=\"mp3j_finfo_gif_0\" class=\"mp3j-finfo-gif\"><\/div><div id=\"mp3j_finfo_txt_0\" class=\"mp3j-finfo-txt\"><\/div><div class=\"mp3j-finfo-close\" id=\"mp3j_finfo_close_0\">X<\/div><\/div><\/div><div id=\"mp3j_dlf_0\" class=\"mp3j-dlframe\" style=\"display:none;\"><\/div>\n\t <div class=\"mp3j-nosolution\" id=\"mp3j_nosolution_0\" style=\"display:none;\"><\/div>\n\t <div style=\"display:none;\" class=\"Ebelow-mjp\" id=\"Ebelow-mjp_0\"><\/div>\n <\/div> \n<script>\nMP3jPLAYLISTS.MI_0 = [\n\t{ name: \"Velha Quereca\", formats: [\"mp3\"], mp3: \"aHR0cHM6Ly9yYWRpb2J1dGlhYnJhc2lsLmNvbS93cC1jb250ZW50L3VwbG9hZHMvMjAyMC8wNC9WZWxoYS1RdWVyZWNhLUpvYXF1aW0tZGUtUGF1bGEtSm9hcXVpbS1kZS1QYXVsYS0yLm1wMw==\", counterpart:\"\", artist: \"Joaquim de Paula\", image: \"false\", imgurl: \"\" },\n\t{ name: \"Por Que, Por Que, Por Que\", formats: [\"mp3\"], mp3: \"aHR0cHM6Ly9yYWRpb2J1dGlhYnJhc2lsLmNvbS93cC1jb250ZW50L3VwbG9hZHMvMjAyMC8wNC9Qb3ItUXVlLVBvci1RdWUtUG9yLVF1ZS1HcnVwby1DcmlhLUdydXBvLUNyaWEtMi5tcDM=\", counterpart:\"\", artist: \"Grupo Cria\", image: \"false\", imgurl: \"\" },\n\t{ name: \"Ondas do rio, ondas do mar\", formats: [\"mp3\"], mp3: \"aHR0cHM6Ly9yYWRpb2J1dGlhYnJhc2lsLmNvbS93cC1jb250ZW50L3VwbG9hZHMvMjAyMC8wNC9PbmRhcy1kby1yaW8tb25kYXMtZG8tbWFyLU1hbmFrYS1NYW5ha2EtMi5tcDM=\", counterpart:\"\", artist: \"Manaka Passarinheiro\", image: \"false\", imgurl: \"\" },\n\t{ name: \"On\u00e7a Ana \u00e9 que \u00e9\", formats: [\"mp3\"], mp3: \"aHR0cHM6Ly9yYWRpb2J1dGlhYnJhc2lsLmNvbS93cC1jb250ZW50L3VwbG9hZHMvMjAyMC8wNC9PbsOnYS1BbmEtw6ktcXVlLcOpLVBhcmFtcGFtcGFtLVBhcmFtcGFtcGFtLTIubXAz\", counterpart:\"\", artist: \"Parampampam\", image: \"false\", imgurl: \"\" },\n\t{ name: \"O Que Eu Vou Ser Quando Crescer\", formats: [\"mp3\"], mp3: \"aHR0cHM6Ly9yYWRpb2J1dGlhYnJhc2lsLmNvbS93cC1jb250ZW50L3VwbG9hZHMvMjAyMC8wNC9PLVF1ZS1FdS1Wb3UtU2VyLVF1YW5kby1DcmVzY2VyLVZpcmdpbmlhLUFkYW1zLVZpcmdpbmlhLUFkYW1zLTIubXAz\", counterpart:\"\", artist: \"Tateando\", image: \"false\", imgurl: \"\" },\n\t{ name: \"O passarinho\", formats: [\"mp3\"], mp3: \"aHR0cHM6Ly9yYWRpb2J1dGlhYnJhc2lsLmNvbS93cC1jb250ZW50L3VwbG9hZHMvMjAyMC8wNC9PLXBhc3NhcmluaG8tQ2FzYS1kZS1DdXJpw7MtQ2FzYS1kZS1DdXJpw7MtMi5tcDM=\", counterpart:\"\", artist: \"Casa de Curi\u00f3\", image: \"false\", imgurl: \"\" },\n\t{ name: \"Gigante\", formats: [\"mp3\"], mp3: \"aHR0cHM6Ly9yYWRpb2J1dGlhYnJhc2lsLmNvbS93cC1jb250ZW50L3VwbG9hZHMvMjAyMC8wNC9HaWdhbnRlLUhhbWlsdG9uLUNhdGV0dGUtSGFtaWx0b24tQ2F0ZXR0ZS0yLm1wMw==\", counterpart:\"\", artist: \"Hamilton Catette\", image: \"false\", imgurl: \"\" },\n\t{ name: \"Formiguinha\", formats: [\"mp3\"], mp3: \"aHR0cHM6Ly9yYWRpb2J1dGlhYnJhc2lsLmNvbS93cC1jb250ZW50L3VwbG9hZHMvMjAyMC8wNC9Gb3JtaWd1aW5oYS1TaW50b25pYS1Eb21pbsOzLVNpbnRvbmlhLURvbWluw7MtMi5tcDM=\", counterpart:\"\", artist: \"Sintonia Domin\u00f3\", image: \"https:\/\/radiobutiabrasil.com\/wp-content\/uploads\/2020\/04\/Formiguinha-Sintonia-Domin\u00f3-Sintonia-Domin\u00f3-mp3-image.jpg\", imgurl: \"\" },\n\t{ name: \"Crian\u00e7a \u00e9 Luz\", formats: [\"mp3\"], mp3: \"aHR0cHM6Ly9yYWRpb2J1dGlhYnJhc2lsLmNvbS93cC1jb250ZW50L3VwbG9hZHMvMjAyMC8wNC9DcmlhbsOnYS3DqS1MdXotTWFyY29zLURhbnRhcy1NYXJjb3MtRGFudGFzLTIubXAz\", counterpart:\"\", artist: \"Marcos Dantas\", image: \"false\", imgurl: \"\" },\n\t{ name: \"Batucada\", formats: [\"mp3\"], mp3: \"aHR0cHM6Ly9yYWRpb2J1dGlhYnJhc2lsLmNvbS93cC1jb250ZW50L3VwbG9hZHMvMjAyMC8wNC9CYXR1Y2FkYS1MZW8tQ2FzdHJvLUxlby1DYXN0cm8tMi5tcDM=\", counterpart:\"\", artist: \"Leo Castro\", image: \"false\", imgurl: \"\" },\n\t{ name: \"A Formiguinha\", formats: [\"mp3\"], mp3: \"aHR0cHM6Ly9yYWRpb2J1dGlhYnJhc2lsLmNvbS93cC1jb250ZW50L3VwbG9hZHMvMjAyMC8wNC9BLUZvcm1pZ3VpbmhhLUZhcnJhLWRvcy1CcmlucXVlZG9zLUZhcnJhLWRvcy1CcmlucXVlZG9zLTIubXAz\", counterpart:\"\", artist: \"Farra Dos Brinquedos\", image: \"false\", imgurl: \"\" },\n\t{ name: \"Chuva\", formats: [\"mp3\"], mp3: \"aHR0cHM6Ly9yYWRpb2J1dGlhYnJhc2lsLmNvbS93cC1jb250ZW50L3VwbG9hZHMvMjAyMC8wNC9DaHV2YS1QYXVsby1CaS1QYXVsby1CaS5tcDM=\", counterpart:\"\", artist: \"Paulo Bi\", image: \"false\", imgurl: \"\" },\n\t{ name: \"Chocolocco\", formats: [\"mp3\"], mp3: \"aHR0cHM6Ly9yYWRpb2J1dGlhYnJhc2lsLmNvbS93cC1jb250ZW50L3VwbG9hZHMvMjAyMC8wNC9DaG9jb2xvY2NvLUdsb3JpbmhhLUxhdHRpbm5pLUdsb3JpbmhhLUxhdHRpbm5pLm1wMw==\", counterpart:\"\", artist: \"Glorinha Lattinni\", image: \"false\", imgurl: \"\" }\n];\n<\/script>\n\n<script>MP3jPLAYERS[0] = { list:MP3jPLAYLISTS.MI_0, tr:0, type:'MI', lstate:true, loop:false, play_txt:'Play', pause_txt:'Pause', pp_title:'Radio Buti\u00e1 Brasil', autoplay:true, download:false, vol:100, height:120, cssclass:'nostop flip ', popout_css:{ enabled:true, \t\t\tcolours: [\"#f0f0f0\", \"rgba(0, 0, 0, 0.18)\", \"rgba(167, 167, 167, 0.55)\", \"rgba(49, 49, 49, 0.64)\", \"rgba(0, 180, 37, 0.91)\", \"#d3d3d3\", \"#d8d8d8\", \"#3d3232\", \"#262120\", \"#262120\", \"#11912b\", \"\/\", 400, 600 ],\n\t\t\tcssInterface: { \"color\": \"#3d3232\" },\n\t\t\tcssTitle: { \"left\": \"36px\", \"right\":\"36px\", \"top\":\"30px\" },\n\t\t\tcssImage: { \"overflow\": \"false\", \"width\":\"auto\", \"height\":\"120px\"  },\n\t\t\tcssFontSize: { \"title\": \"22px\", \"caption\": \"15.4px\", \"list\": \"18px\" },\n\t\t\tclasses: { interface:'', title:' right-mjp bold-mjp plain-mjp childNorm-mjp childItalic-mjp', image:' Himg left-mjp', poscol:' soften-mjp', ul:' childNorm-mjp childPlain-mjp left-mjp' }} };<\/script>\n\n","protected":false},"excerpt":{"rendered":"<p>A R\u00e1dio Buti\u00e1 Brasil apresenta uma sele\u00e7\u00e3o de can\u00e7\u00f5es de grupos e artistas que comp\u00f5e o coletivo M\u00daSICA PARA CRIAN\u00c7AS RJ. O coletivo busca conectar os grupos para fortalecer a cria\u00e7\u00e3o e a circula\u00e7\u00e3o da produ\u00e7\u00e3o musical para crian\u00e7a no pa\u00eds e no nosso continente. Para que conhe\u00e7am um pouquinho da obra de cada um, [&hellip;]<\/p>\n","protected":false},"author":26,"featured_media":9282,"comment_status":"closed","ping_status":"closed","sticky":false,"template":"","format":"standard","meta":{"_coblocks_attr":"","_coblocks_dimensions":"","_coblocks_responsive_height":"","_coblocks_accordion_ie_support":"","_uag_custom_page_level_css":"","footnotes":""},"categories":[25],"tags":[],"class_list":["post-9151","post","type-post","status-publish","format-standard","has-post-thumbnail","hentry","category-programas"],"yoast_head":"<!-- This site is optimized with the Yoast SEO plugin v26.6 - https:\/\/yoast.com\/wordpress\/plugins\/seo\/ -->\n<title>A cena musical para crian\u00e7as no Rio de Janeiro - Radio Buti\u00e1 Brasil<\/title>\n<meta name=\"robots\" content=\"index, follow, max-snippet:-1, max-image-preview:large, max-video-preview:-1\" \/>\n<link rel=\"canonical\" href=\"https:\/\/radiobutiabrasil.com\/?p=9151\" \/>\n<meta property=\"og:locale\" content=\"pt_BR\" \/>\n<meta property=\"og:type\" content=\"article\" \/>\n<meta property=\"og:title\" content=\"A cena musical para crian\u00e7as no Rio de Janeiro - Radio Buti\u00e1 Brasil\" \/>\n<meta property=\"og:description\" content=\"A R\u00e1dio Buti\u00e1 Brasil apresenta uma sele\u00e7\u00e3o de can\u00e7\u00f5es de grupos e artistas que comp\u00f5e o coletivo M\u00daSICA PARA CRIAN\u00c7AS RJ. O coletivo busca conectar os grupos para fortalecer a cria\u00e7\u00e3o e a circula\u00e7\u00e3o da produ\u00e7\u00e3o musical para crian\u00e7a no pa\u00eds e no nosso continente. Para que conhe\u00e7am um pouquinho da obra de cada um, [&hellip;]\" \/>\n<meta property=\"og:url\" content=\"https:\/\/radiobutiabrasil.com\/?p=9151\" \/>\n<meta property=\"og:site_name\" content=\"Radio Buti\u00e1 Brasil\" \/>\n<meta property=\"article:published_time\" content=\"2020-04-07T12:13:51+00:00\" \/>\n<meta property=\"article:modified_time\" content=\"2020-08-28T17:32:08+00:00\" \/>\n<meta property=\"og:image\" content=\"https:\/\/radiobutiabrasil.com\/wp-content\/uploads\/2020\/04\/rj.png\" \/>\n\t<meta property=\"og:image:width\" content=\"400\" \/>\n\t<meta property=\"og:image:height\" content=\"400\" \/>\n\t<meta property=\"og:image:type\" content=\"image\/png\" \/>\n<meta name=\"author\" content=\"Radio Butia Brasil\" \/>\n<meta name=\"twitter:card\" content=\"summary_large_image\" \/>\n<meta name=\"twitter:label1\" content=\"Escrito por\" \/>\n\t<meta name=\"twitter:data1\" content=\"Radio Butia Brasil\" \/>\n<script type=\"application\/ld+json\" class=\"yoast-schema-graph\">{\"@context\":\"https:\/\/schema.org\",\"@graph\":[{\"@type\":\"WebPage\",\"@id\":\"https:\/\/radiobutiabrasil.com\/?p=9151\",\"url\":\"https:\/\/radiobutiabrasil.com\/?p=9151\",\"name\":\"A cena musical para crian\u00e7as no Rio de Janeiro - Radio Buti\u00e1 Brasil\",\"isPartOf\":{\"@id\":\"https:\/\/radiobutiabrasil.com\/#website\"},\"primaryImageOfPage\":{\"@id\":\"https:\/\/radiobutiabrasil.com\/?p=9151#primaryimage\"},\"image\":{\"@id\":\"https:\/\/radiobutiabrasil.com\/?p=9151#primaryimage\"},\"thumbnailUrl\":\"https:\/\/radiobutiabrasil.com\/wp-content\/uploads\/2020\/04\/rj.png\",\"datePublished\":\"2020-04-07T12:13:51+00:00\",\"dateModified\":\"2020-08-28T17:32:08+00:00\",\"author\":{\"@id\":\"https:\/\/radiobutiabrasil.com\/#\/schema\/person\/a8396da749a184716801a5211b949934\"},\"breadcrumb\":{\"@id\":\"https:\/\/radiobutiabrasil.com\/?p=9151#breadcrumb\"},\"inLanguage\":\"pt-BR\",\"potentialAction\":[{\"@type\":\"ReadAction\",\"target\":[\"https:\/\/radiobutiabrasil.com\/?p=9151\"]}]},{\"@type\":\"ImageObject\",\"inLanguage\":\"pt-BR\",\"@id\":\"https:\/\/radiobutiabrasil.com\/?p=9151#primaryimage\",\"url\":\"https:\/\/radiobutiabrasil.com\/wp-content\/uploads\/2020\/04\/rj.png\",\"contentUrl\":\"https:\/\/radiobutiabrasil.com\/wp-content\/uploads\/2020\/04\/rj.png\",\"width\":400,\"height\":400},{\"@type\":\"BreadcrumbList\",\"@id\":\"https:\/\/radiobutiabrasil.com\/?p=9151#breadcrumb\",\"itemListElement\":[{\"@type\":\"ListItem\",\"position\":1,\"name\":\"Portada\",\"item\":\"https:\/\/radiobutiabrasil.com\/\"},{\"@type\":\"ListItem\",\"position\":2,\"name\":\"A cena musical para crian\u00e7as no Rio de Janeiro\"}]},{\"@type\":\"WebSite\",\"@id\":\"https:\/\/radiobutiabrasil.com\/#website\",\"url\":\"https:\/\/radiobutiabrasil.com\/\",\"name\":\"Radio Buti\u00e1 Brasil\",\"description\":\"a boa m\u00fasica pra toda a vida\",\"potentialAction\":[{\"@type\":\"SearchAction\",\"target\":{\"@type\":\"EntryPoint\",\"urlTemplate\":\"https:\/\/radiobutiabrasil.com\/?s={search_term_string}\"},\"query-input\":{\"@type\":\"PropertyValueSpecification\",\"valueRequired\":true,\"valueName\":\"search_term_string\"}}],\"inLanguage\":\"pt-BR\"},{\"@type\":\"Person\",\"@id\":\"https:\/\/radiobutiabrasil.com\/#\/schema\/person\/a8396da749a184716801a5211b949934\",\"name\":\"Radio Butia Brasil\",\"image\":{\"@type\":\"ImageObject\",\"inLanguage\":\"pt-BR\",\"@id\":\"https:\/\/radiobutiabrasil.com\/#\/schema\/person\/image\/\",\"url\":\"https:\/\/secure.gravatar.com\/avatar\/4233fb0f88c8983c6a8cb9e36ca8fc85?s=96&d=mm&r=g\",\"contentUrl\":\"https:\/\/secure.gravatar.com\/avatar\/4233fb0f88c8983c6a8cb9e36ca8fc85?s=96&d=mm&r=g\",\"caption\":\"Radio Butia Brasil\"},\"url\":\"https:\/\/radiobutiabrasil.com\/?author=26\"}]}<\/script>\n<!-- \/ Yoast SEO plugin. -->","yoast_head_json":{"title":"A cena musical para crian\u00e7as no Rio de Janeiro - Radio Buti\u00e1 Brasil","robots":{"index":"index","follow":"follow","max-snippet":"max-snippet:-1","max-image-preview":"max-image-preview:large","max-video-preview":"max-video-preview:-1"},"canonical":"https:\/\/radiobutiabrasil.com\/?p=9151","og_locale":"pt_BR","og_type":"article","og_title":"A cena musical para crian\u00e7as no Rio de Janeiro - Radio Buti\u00e1 Brasil","og_description":"A R\u00e1dio Buti\u00e1 Brasil apresenta uma sele\u00e7\u00e3o de can\u00e7\u00f5es de grupos e artistas que comp\u00f5e o coletivo M\u00daSICA PARA CRIAN\u00c7AS RJ. O coletivo busca conectar os grupos para fortalecer a cria\u00e7\u00e3o e a circula\u00e7\u00e3o da produ\u00e7\u00e3o musical para crian\u00e7a no pa\u00eds e no nosso continente. Para que conhe\u00e7am um pouquinho da obra de cada um, [&hellip;]","og_url":"https:\/\/radiobutiabrasil.com\/?p=9151","og_site_name":"Radio Buti\u00e1 Brasil","article_published_time":"2020-04-07T12:13:51+00:00","article_modified_time":"2020-08-28T17:32:08+00:00","og_image":[{"width":400,"height":400,"url":"https:\/\/radiobutiabrasil.com\/wp-content\/uploads\/2020\/04\/rj.png","type":"image\/png"}],"author":"Radio Butia Brasil","twitter_card":"summary_large_image","twitter_misc":{"Escrito por":"Radio Butia Brasil"},"schema":{"@context":"https:\/\/schema.org","@graph":[{"@type":"WebPage","@id":"https:\/\/radiobutiabrasil.com\/?p=9151","url":"https:\/\/radiobutiabrasil.com\/?p=9151","name":"A cena musical para crian\u00e7as no Rio de Janeiro - Radio Buti\u00e1 Brasil","isPartOf":{"@id":"https:\/\/radiobutiabrasil.com\/#website"},"primaryImageOfPage":{"@id":"https:\/\/radiobutiabrasil.com\/?p=9151#primaryimage"},"image":{"@id":"https:\/\/radiobutiabrasil.com\/?p=9151#primaryimage"},"thumbnailUrl":"https:\/\/radiobutiabrasil.com\/wp-content\/uploads\/2020\/04\/rj.png","datePublished":"2020-04-07T12:13:51+00:00","dateModified":"2020-08-28T17:32:08+00:00","author":{"@id":"https:\/\/radiobutiabrasil.com\/#\/schema\/person\/a8396da749a184716801a5211b949934"},"breadcrumb":{"@id":"https:\/\/radiobutiabrasil.com\/?p=9151#breadcrumb"},"inLanguage":"pt-BR","potentialAction":[{"@type":"ReadAction","target":["https:\/\/radiobutiabrasil.com\/?p=9151"]}]},{"@type":"ImageObject","inLanguage":"pt-BR","@id":"https:\/\/radiobutiabrasil.com\/?p=9151#primaryimage","url":"https:\/\/radiobutiabrasil.com\/wp-content\/uploads\/2020\/04\/rj.png","contentUrl":"https:\/\/radiobutiabrasil.com\/wp-content\/uploads\/2020\/04\/rj.png","width":400,"height":400},{"@type":"BreadcrumbList","@id":"https:\/\/radiobutiabrasil.com\/?p=9151#breadcrumb","itemListElement":[{"@type":"ListItem","position":1,"name":"Portada","item":"https:\/\/radiobutiabrasil.com\/"},{"@type":"ListItem","position":2,"name":"A cena musical para crian\u00e7as no Rio de Janeiro"}]},{"@type":"WebSite","@id":"https:\/\/radiobutiabrasil.com\/#website","url":"https:\/\/radiobutiabrasil.com\/","name":"Radio Buti\u00e1 Brasil","description":"a boa m\u00fasica pra toda a vida","potentialAction":[{"@type":"SearchAction","target":{"@type":"EntryPoint","urlTemplate":"https:\/\/radiobutiabrasil.com\/?s={search_term_string}"},"query-input":{"@type":"PropertyValueSpecification","valueRequired":true,"valueName":"search_term_string"}}],"inLanguage":"pt-BR"},{"@type":"Person","@id":"https:\/\/radiobutiabrasil.com\/#\/schema\/person\/a8396da749a184716801a5211b949934","name":"Radio Butia Brasil","image":{"@type":"ImageObject","inLanguage":"pt-BR","@id":"https:\/\/radiobutiabrasil.com\/#\/schema\/person\/image\/","url":"https:\/\/secure.gravatar.com\/avatar\/4233fb0f88c8983c6a8cb9e36ca8fc85?s=96&d=mm&r=g","contentUrl":"https:\/\/secure.gravatar.com\/avatar\/4233fb0f88c8983c6a8cb9e36ca8fc85?s=96&d=mm&r=g","caption":"Radio Butia Brasil"},"url":"https:\/\/radiobutiabrasil.com\/?author=26"}]}},"uagb_featured_image_src":{"full":["https:\/\/radiobutiabrasil.com\/wp-content\/uploads\/2020\/04\/rj.png",400,400,false],"thumbnail":["https:\/\/radiobutiabrasil.com\/wp-content\/uploads\/2020\/04\/rj-150x150.png",150,150,true],"medium":["https:\/\/radiobutiabrasil.com\/wp-content\/uploads\/2020\/04\/rj-300x300.png",300,300,true],"medium_large":["https:\/\/radiobutiabrasil.com\/wp-content\/uploads\/2020\/04\/rj.png",400,400,false],"large":["https:\/\/radiobutiabrasil.com\/wp-content\/uploads\/2020\/04\/rj.png",400,400,false],"1536x1536":["https:\/\/radiobutiabrasil.com\/wp-content\/uploads\/2020\/04\/rj.png",400,400,false],"2048x2048":["https:\/\/radiobutiabrasil.com\/wp-content\/uploads\/2020\/04\/rj.png",400,400,false],"woocommerce_thumbnail":["https:\/\/radiobutiabrasil.com\/wp-content\/uploads\/2020\/04\/rj-324x324.png",324,324,true],"woocommerce_single":["https:\/\/radiobutiabrasil.com\/wp-content\/uploads\/2020\/04\/rj.png",400,400,false],"woocommerce_gallery_thumbnail":["https:\/\/radiobutiabrasil.com\/wp-content\/uploads\/2020\/04\/rj-100x100.png",100,100,true]},"uagb_author_info":{"display_name":"Radio Butia Brasil","author_link":"https:\/\/radiobutiabrasil.com\/?author=26"},"uagb_comment_info":0,"uagb_excerpt":"A R\u00e1dio Buti\u00e1 Brasil apresenta uma sele\u00e7\u00e3o de can\u00e7\u00f5es de grupos e artistas que comp\u00f5e o coletivo M\u00daSICA PARA CRIAN\u00c7AS RJ. O coletivo busca conectar os grupos para fortalecer a cria\u00e7\u00e3o e a circula\u00e7\u00e3o da produ\u00e7\u00e3o musical para crian\u00e7a no pa\u00eds e no nosso continente. Para que conhe\u00e7am um pouquinho da obra de cada um,&hellip;","_links":{"self":[{"href":"https:\/\/radiobutiabrasil.com\/index.php?rest_route=\/wp\/v2\/posts\/9151","targetHints":{"allow":["GET"]}}],"collection":[{"href":"https:\/\/radiobutiabrasil.com\/index.php?rest_route=\/wp\/v2\/posts"}],"about":[{"href":"https:\/\/radiobutiabrasil.com\/index.php?rest_route=\/wp\/v2\/types\/post"}],"author":[{"embeddable":true,"href":"https:\/\/radiobutiabrasil.com\/index.php?rest_route=\/wp\/v2\/users\/26"}],"replies":[{"embeddable":true,"href":"https:\/\/radiobutiabrasil.com\/index.php?rest_route=%2Fwp%2Fv2%2Fcomments&post=9151"}],"version-history":[{"count":7,"href":"https:\/\/radiobutiabrasil.com\/index.php?rest_route=\/wp\/v2\/posts\/9151\/revisions"}],"predecessor-version":[{"id":9283,"href":"https:\/\/radiobutiabrasil.com\/index.php?rest_route=\/wp\/v2\/posts\/9151\/revisions\/9283"}],"wp:featuredmedia":[{"embeddable":true,"href":"https:\/\/radiobutiabrasil.com\/index.php?rest_route=\/wp\/v2\/media\/9282"}],"wp:attachment":[{"href":"https:\/\/radiobutiabrasil.com\/index.php?rest_route=%2Fwp%2Fv2%2Fmedia&parent=9151"}],"wp:term":[{"taxonomy":"category","embeddable":true,"href":"https:\/\/radiobutiabrasil.com\/index.php?rest_route=%2Fwp%2Fv2%2Fcategories&post=9151"},{"taxonomy":"post_tag","embeddable":true,"href":"https:\/\/radiobutiabrasil.com\/index.php?rest_route=%2Fwp%2Fv2%2Ftags&post=9151"}],"curies":[{"name":"wp","href":"https:\/\/api.w.org\/{rel}","templated":true}]}}