{"id":9201,"date":"2020-07-09T00:08:38","date_gmt":"2020-07-09T00:08:38","guid":{"rendered":"https:\/\/radiobutiabrasil.com\/?p=9201"},"modified":"2020-08-28T18:03:41","modified_gmt":"2020-08-28T18:03:41","slug":"movimento-musica-e-infancia-2","status":"publish","type":"post","link":"https:\/\/radiobutiabrasil.com\/?p=9201","title":{"rendered":"Movimento M\u00fasica e Inf\u00e2ncia &#8211; BH"},"content":{"rendered":"<p class=\"has-medium-font-size\">O MOVMI, Movimento M\u00fasica e Inf\u00e2ncia, nasceu em Belo Horizonte (Minas Gerais) e \u00e9 composto por m\u00fasicos e musicistas, contadores e contadoras de hist\u00f3rias, palha\u00e7os e palha\u00e7as, brincantes, docentes, atrizes e atores que dedicam seus trabalhos ao universo infantil e est\u00e3o presentes na cena art\u00edstica de Belo Horizonte.<\/p><h4 class=\"wp-block-heading\">A R\u00e1dio Buti\u00e1 Brasil preparou uma sele\u00e7\u00e3o de 13 m\u00fasicas destes artistas pra voc\u00ea conhecer melhor:<\/h4><div class=\"wp-block-coblocks-gallery-carousel\"><div class=\"is-cropped coblocks-gallery has-no-alignment has-caption-style-dark has-horizontal-gutter\"><div class=\"has-carousel has-carousel-lrg has-margin-bottom-5 has-margin-bottom-mobile-5\" style=\"height:500px\" data-flickity=\"{&quot;autoPlay&quot;:false,&quot;draggable&quot;:true,&quot;pageDots&quot;:false,&quot;prevNextButtons&quot;:true,&quot;wrapAround&quot;:true,&quot;cellAlign&quot;:&quot;center&quot;,&quot;pauseAutoPlayOnHover&quot;:false,&quot;freeScroll&quot;:false,&quot;arrowShape&quot;:{&quot;x0&quot;:10,&quot;x1&quot;:60,&quot;y1&quot;:50,&quot;x2&quot;:65,&quot;y2&quot;:45,&quot;x3&quot;:20},&quot;thumbnails&quot;:true,&quot;responsiveHeight&quot;:false}\"><div class=\"coblocks-gallery--item\"><figure class=\"coblocks-gallery--figure has-margin-left-5 has-margin-left-mobile-5 has-margin-right-5 has-margin-right-mobile-5\"><img loading=\"lazy\" decoding=\"async\" width=\"1024\" height=\"683\" src=\"https:\/\/radiobutiabrasil.com\/wp-content\/uploads\/2020\/08\/\u00a9Lucas_Braga-28072018-2875-1024x683.jpg\" alt=\"\" data-id=\"9304\" data-link=\"https:\/\/radiobutiabrasil.com\/movimento-musica-e-infancia-2\/lucas_braga-28072018-2875\/\" class=\"wp-image-9304\" srcset=\"https:\/\/radiobutiabrasil.com\/wp-content\/uploads\/2020\/08\/\u00a9Lucas_Braga-28072018-2875-1024x683.jpg 1024w, https:\/\/radiobutiabrasil.com\/wp-content\/uploads\/2020\/08\/\u00a9Lucas_Braga-28072018-2875-300x200.jpg 300w, https:\/\/radiobutiabrasil.com\/wp-content\/uploads\/2020\/08\/\u00a9Lucas_Braga-28072018-2875-768x512.jpg 768w, https:\/\/radiobutiabrasil.com\/wp-content\/uploads\/2020\/08\/\u00a9Lucas_Braga-28072018-2875-1536x1024.jpg 1536w, https:\/\/radiobutiabrasil.com\/wp-content\/uploads\/2020\/08\/\u00a9Lucas_Braga-28072018-2875-2048x1366.jpg 2048w, https:\/\/radiobutiabrasil.com\/wp-content\/uploads\/2020\/08\/\u00a9Lucas_Braga-28072018-2875-416x277.jpg 416w\" sizes=\"auto, (max-width: 1024px) 100vw, 1024px\" \/><\/figure><\/div><div class=\"coblocks-gallery--item\"><figure class=\"coblocks-gallery--figure has-margin-left-5 has-margin-left-mobile-5 has-margin-right-5 has-margin-right-mobile-5\"><img loading=\"lazy\" decoding=\"async\" width=\"1024\" height=\"682\" src=\"https:\/\/radiobutiabrasil.com\/wp-content\/uploads\/2020\/08\/3-1-1024x682.jpg\" alt=\"\" data-id=\"9303\" data-link=\"https:\/\/radiobutiabrasil.com\/movimento-musica-e-infancia-2\/3-1\/\" class=\"wp-image-9303\" srcset=\"https:\/\/radiobutiabrasil.com\/wp-content\/uploads\/2020\/08\/3-1-1024x682.jpg 1024w, https:\/\/radiobutiabrasil.com\/wp-content\/uploads\/2020\/08\/3-1-300x200.jpg 300w, https:\/\/radiobutiabrasil.com\/wp-content\/uploads\/2020\/08\/3-1-768x512.jpg 768w, https:\/\/radiobutiabrasil.com\/wp-content\/uploads\/2020\/08\/3-1-416x277.jpg 416w, https:\/\/radiobutiabrasil.com\/wp-content\/uploads\/2020\/08\/3-1.jpg 1280w\" sizes=\"auto, (max-width: 1024px) 100vw, 1024px\" \/><\/figure><\/div><div class=\"coblocks-gallery--item\"><figure class=\"coblocks-gallery--figure has-margin-left-5 has-margin-left-mobile-5 has-margin-right-5 has-margin-right-mobile-5\"><img loading=\"lazy\" decoding=\"async\" width=\"1024\" height=\"923\" src=\"https:\/\/radiobutiabrasil.com\/wp-content\/uploads\/2020\/08\/A-festa-do-Pijama-Anna-Campos-scaled-2-1024x923.jpg\" alt=\"\" data-id=\"9301\" data-link=\"https:\/\/radiobutiabrasil.com\/movimento-musica-e-infancia-2\/a-festa-do-pijama-anna-campos-scaled-2\/\" class=\"wp-image-9301\" srcset=\"https:\/\/radiobutiabrasil.com\/wp-content\/uploads\/2020\/08\/A-festa-do-Pijama-Anna-Campos-scaled-2-1024x923.jpg 1024w, https:\/\/radiobutiabrasil.com\/wp-content\/uploads\/2020\/08\/A-festa-do-Pijama-Anna-Campos-scaled-2-300x270.jpg 300w, https:\/\/radiobutiabrasil.com\/wp-content\/uploads\/2020\/08\/A-festa-do-Pijama-Anna-Campos-scaled-2-768x692.jpg 768w, https:\/\/radiobutiabrasil.com\/wp-content\/uploads\/2020\/08\/A-festa-do-Pijama-Anna-Campos-scaled-2-1536x1384.jpg 1536w, https:\/\/radiobutiabrasil.com\/wp-content\/uploads\/2020\/08\/A-festa-do-Pijama-Anna-Campos-scaled-2-2048x1846.jpg 2048w, https:\/\/radiobutiabrasil.com\/wp-content\/uploads\/2020\/08\/A-festa-do-Pijama-Anna-Campos-scaled-2-416x375.jpg 416w\" sizes=\"auto, (max-width: 1024px) 100vw, 1024px\" \/><\/figure><\/div><div class=\"coblocks-gallery--item\"><figure class=\"coblocks-gallery--figure has-margin-left-5 has-margin-left-mobile-5 has-margin-right-5 has-margin-right-mobile-5\"><img loading=\"lazy\" decoding=\"async\" width=\"1024\" height=\"682\" src=\"https:\/\/radiobutiabrasil.com\/wp-content\/uploads\/2020\/08\/Ana-Cristina-foto-Helena-Leao3-1024x682.jpg\" alt=\"\" data-id=\"9298\" data-link=\"https:\/\/radiobutiabrasil.com\/movimento-musica-e-infancia-2\/ana-cristina-foto-helena-leao3\/\" class=\"wp-image-9298\" srcset=\"https:\/\/radiobutiabrasil.com\/wp-content\/uploads\/2020\/08\/Ana-Cristina-foto-Helena-Leao3-1024x682.jpg 1024w, https:\/\/radiobutiabrasil.com\/wp-content\/uploads\/2020\/08\/Ana-Cristina-foto-Helena-Leao3-300x200.jpg 300w, https:\/\/radiobutiabrasil.com\/wp-content\/uploads\/2020\/08\/Ana-Cristina-foto-Helena-Leao3-768x512.jpg 768w, https:\/\/radiobutiabrasil.com\/wp-content\/uploads\/2020\/08\/Ana-Cristina-foto-Helena-Leao3-1536x1024.jpg 1536w, https:\/\/radiobutiabrasil.com\/wp-content\/uploads\/2020\/08\/Ana-Cristina-foto-Helena-Leao3-416x277.jpg 416w, https:\/\/radiobutiabrasil.com\/wp-content\/uploads\/2020\/08\/Ana-Cristina-foto-Helena-Leao3.jpg 1772w\" sizes=\"auto, (max-width: 1024px) 100vw, 1024px\" \/><\/figure><\/div><div class=\"coblocks-gallery--item\"><figure class=\"coblocks-gallery--figure has-margin-left-5 has-margin-left-mobile-5 has-margin-right-5 has-margin-right-mobile-5\"><img loading=\"lazy\" decoding=\"async\" width=\"960\" height=\"640\" src=\"https:\/\/radiobutiabrasil.com\/wp-content\/uploads\/2020\/08\/circo-marimbondo-festival-saci-pipa-1.jpg\" alt=\"\" data-id=\"9297\" data-link=\"https:\/\/radiobutiabrasil.com\/movimento-musica-e-infancia-2\/circo-marimbondo-festival-saci-pipa-1\/\" class=\"wp-image-9297\" srcset=\"https:\/\/radiobutiabrasil.com\/wp-content\/uploads\/2020\/08\/circo-marimbondo-festival-saci-pipa-1.jpg 960w, https:\/\/radiobutiabrasil.com\/wp-content\/uploads\/2020\/08\/circo-marimbondo-festival-saci-pipa-1-300x200.jpg 300w, https:\/\/radiobutiabrasil.com\/wp-content\/uploads\/2020\/08\/circo-marimbondo-festival-saci-pipa-1-768x512.jpg 768w, https:\/\/radiobutiabrasil.com\/wp-content\/uploads\/2020\/08\/circo-marimbondo-festival-saci-pipa-1-416x277.jpg 416w\" sizes=\"auto, (max-width: 960px) 100vw, 960px\" \/><\/figure><\/div><div class=\"coblocks-gallery--item\"><figure class=\"coblocks-gallery--figure has-margin-left-5 has-margin-left-mobile-5 has-margin-right-5 has-margin-right-mobile-5\"><img loading=\"lazy\" decoding=\"async\" width=\"1005\" height=\"1024\" src=\"https:\/\/radiobutiabrasil.com\/wp-content\/uploads\/2020\/08\/Dani-Libanio-1-1-1005x1024.jpg\" alt=\"\" data-id=\"9295\" data-link=\"https:\/\/radiobutiabrasil.com\/movimento-musica-e-infancia-2\/dani-libanio-1-1\/\" class=\"wp-image-9295\" srcset=\"https:\/\/radiobutiabrasil.com\/wp-content\/uploads\/2020\/08\/Dani-Libanio-1-1-1005x1024.jpg 1005w, https:\/\/radiobutiabrasil.com\/wp-content\/uploads\/2020\/08\/Dani-Libanio-1-1-294x300.jpg 294w, https:\/\/radiobutiabrasil.com\/wp-content\/uploads\/2020\/08\/Dani-Libanio-1-1-768x783.jpg 768w, https:\/\/radiobutiabrasil.com\/wp-content\/uploads\/2020\/08\/Dani-Libanio-1-1-416x424.jpg 416w, https:\/\/radiobutiabrasil.com\/wp-content\/uploads\/2020\/08\/Dani-Libanio-1-1.jpg 1047w\" sizes=\"auto, (max-width: 1005px) 100vw, 1005px\" \/><\/figure><\/div><div class=\"coblocks-gallery--item\"><figure class=\"coblocks-gallery--figure has-margin-left-5 has-margin-left-mobile-5 has-margin-right-5 has-margin-right-mobile-5\"><img loading=\"lazy\" decoding=\"async\" width=\"1024\" height=\"683\" src=\"https:\/\/radiobutiabrasil.com\/wp-content\/uploads\/2020\/08\/FOTOS-CIA-PE-DE-MOLEQUE-scaled-1-1024x683.jpg\" alt=\"\" data-id=\"9292\" data-link=\"https:\/\/radiobutiabrasil.com\/movimento-musica-e-infancia-2\/cia-pe-de-moleque-minhas-primeiras-cancoes\/\" class=\"wp-image-9292\" srcset=\"https:\/\/radiobutiabrasil.com\/wp-content\/uploads\/2020\/08\/FOTOS-CIA-PE-DE-MOLEQUE-scaled-1-1024x683.jpg 1024w, https:\/\/radiobutiabrasil.com\/wp-content\/uploads\/2020\/08\/FOTOS-CIA-PE-DE-MOLEQUE-scaled-1-300x200.jpg 300w, https:\/\/radiobutiabrasil.com\/wp-content\/uploads\/2020\/08\/FOTOS-CIA-PE-DE-MOLEQUE-scaled-1-768x512.jpg 768w, https:\/\/radiobutiabrasil.com\/wp-content\/uploads\/2020\/08\/FOTOS-CIA-PE-DE-MOLEQUE-scaled-1-1536x1024.jpg 1536w, https:\/\/radiobutiabrasil.com\/wp-content\/uploads\/2020\/08\/FOTOS-CIA-PE-DE-MOLEQUE-scaled-1-2048x1366.jpg 2048w, https:\/\/radiobutiabrasil.com\/wp-content\/uploads\/2020\/08\/FOTOS-CIA-PE-DE-MOLEQUE-scaled-1-416x277.jpg 416w\" sizes=\"auto, (max-width: 1024px) 100vw, 1024px\" \/><\/figure><\/div><div class=\"coblocks-gallery--item\"><figure class=\"coblocks-gallery--figure has-margin-left-5 has-margin-left-mobile-5 has-margin-right-5 has-margin-right-mobile-5\"><img loading=\"lazy\" decoding=\"async\" width=\"1024\" height=\"682\" src=\"https:\/\/radiobutiabrasil.com\/wp-content\/uploads\/2020\/08\/Grupo-Bambulha-scaled-1-1024x682.jpg\" alt=\"\" data-id=\"9290\" data-link=\"https:\/\/radiobutiabrasil.com\/movimento-musica-e-infancia-2\/grupo-bambulha-scaled-1\/\" class=\"wp-image-9290\" srcset=\"https:\/\/radiobutiabrasil.com\/wp-content\/uploads\/2020\/08\/Grupo-Bambulha-scaled-1-1024x682.jpg 1024w, https:\/\/radiobutiabrasil.com\/wp-content\/uploads\/2020\/08\/Grupo-Bambulha-scaled-1-300x200.jpg 300w, https:\/\/radiobutiabrasil.com\/wp-content\/uploads\/2020\/08\/Grupo-Bambulha-scaled-1-768x512.jpg 768w, https:\/\/radiobutiabrasil.com\/wp-content\/uploads\/2020\/08\/Grupo-Bambulha-scaled-1-1536x1024.jpg 1536w, https:\/\/radiobutiabrasil.com\/wp-content\/uploads\/2020\/08\/Grupo-Bambulha-scaled-1-2048x1365.jpg 2048w, https:\/\/radiobutiabrasil.com\/wp-content\/uploads\/2020\/08\/Grupo-Bambulha-scaled-1-416x277.jpg 416w\" sizes=\"auto, (max-width: 1024px) 100vw, 1024px\" \/><\/figure><\/div><div class=\"coblocks-gallery--item\"><figure class=\"coblocks-gallery--figure has-margin-left-5 has-margin-left-mobile-5 has-margin-right-5 has-margin-right-mobile-5\"><img loading=\"lazy\" decoding=\"async\" width=\"1024\" height=\"683\" src=\"https:\/\/radiobutiabrasil.com\/wp-content\/uploads\/2020\/08\/Grupo-Maria-Cutia-Foto_-Divulgacao-scaled-1-1024x683.jpg\" alt=\"\" data-id=\"9288\" data-link=\"https:\/\/radiobutiabrasil.com\/movimento-musica-e-infancia-2\/grupo-maria-cutia-foto_-divulgacao-scaled-1\/\" class=\"wp-image-9288\" srcset=\"https:\/\/radiobutiabrasil.com\/wp-content\/uploads\/2020\/08\/Grupo-Maria-Cutia-Foto_-Divulgacao-scaled-1-1024x683.jpg 1024w, https:\/\/radiobutiabrasil.com\/wp-content\/uploads\/2020\/08\/Grupo-Maria-Cutia-Foto_-Divulgacao-scaled-1-300x200.jpg 300w, https:\/\/radiobutiabrasil.com\/wp-content\/uploads\/2020\/08\/Grupo-Maria-Cutia-Foto_-Divulgacao-scaled-1-768x512.jpg 768w, https:\/\/radiobutiabrasil.com\/wp-content\/uploads\/2020\/08\/Grupo-Maria-Cutia-Foto_-Divulgacao-scaled-1-1536x1024.jpg 1536w, https:\/\/radiobutiabrasil.com\/wp-content\/uploads\/2020\/08\/Grupo-Maria-Cutia-Foto_-Divulgacao-scaled-1-2048x1366.jpg 2048w, https:\/\/radiobutiabrasil.com\/wp-content\/uploads\/2020\/08\/Grupo-Maria-Cutia-Foto_-Divulgacao-scaled-1-416x277.jpg 416w\" sizes=\"auto, (max-width: 1024px) 100vw, 1024px\" \/><\/figure><\/div><div class=\"coblocks-gallery--item\"><figure class=\"coblocks-gallery--figure has-margin-left-5 has-margin-left-mobile-5 has-margin-right-5 has-margin-right-mobile-5\"><img loading=\"lazy\" decoding=\"async\" width=\"682\" height=\"1024\" src=\"https:\/\/radiobutiabrasil.com\/wp-content\/uploads\/2020\/08\/MARCO-AUR-foto-@kikaantunes-scaled-1-682x1024.jpg\" alt=\"\" data-id=\"9286\" data-link=\"https:\/\/radiobutiabrasil.com\/movimento-musica-e-infancia-2\/marco-aur-foto-kikaantunes-scaled-1\/\" class=\"wp-image-9286\" srcset=\"https:\/\/radiobutiabrasil.com\/wp-content\/uploads\/2020\/08\/MARCO-AUR-foto-@kikaantunes-scaled-1-682x1024.jpg 682w, https:\/\/radiobutiabrasil.com\/wp-content\/uploads\/2020\/08\/MARCO-AUR-foto-@kikaantunes-scaled-1-200x300.jpg 200w, https:\/\/radiobutiabrasil.com\/wp-content\/uploads\/2020\/08\/MARCO-AUR-foto-@kikaantunes-scaled-1-768x1152.jpg 768w, https:\/\/radiobutiabrasil.com\/wp-content\/uploads\/2020\/08\/MARCO-AUR-foto-@kikaantunes-scaled-1-1024x1536.jpg 1024w, https:\/\/radiobutiabrasil.com\/wp-content\/uploads\/2020\/08\/MARCO-AUR-foto-@kikaantunes-scaled-1-1365x2048.jpg 1365w, https:\/\/radiobutiabrasil.com\/wp-content\/uploads\/2020\/08\/MARCO-AUR-foto-@kikaantunes-scaled-1-416x624.jpg 416w, https:\/\/radiobutiabrasil.com\/wp-content\/uploads\/2020\/08\/MARCO-AUR-foto-@kikaantunes-scaled-1.jpg 1706w\" sizes=\"auto, (max-width: 682px) 100vw, 682px\" \/><\/figure><\/div><div class=\"coblocks-gallery--item\"><figure class=\"coblocks-gallery--figure has-margin-left-5 has-margin-left-mobile-5 has-margin-right-5 has-margin-right-mobile-5\"><img loading=\"lazy\" decoding=\"async\" width=\"616\" height=\"468\" src=\"https:\/\/radiobutiabrasil.com\/wp-content\/uploads\/2020\/08\/image-5.png\" alt=\"\" data-id=\"9284\" data-link=\"https:\/\/radiobutiabrasil.com\/movimento-musica-e-infancia-2\/image-5\/\" class=\"wp-image-9284\" srcset=\"https:\/\/radiobutiabrasil.com\/wp-content\/uploads\/2020\/08\/image-5.png 616w, https:\/\/radiobutiabrasil.com\/wp-content\/uploads\/2020\/08\/image-5-300x228.png 300w, https:\/\/radiobutiabrasil.com\/wp-content\/uploads\/2020\/08\/image-5-416x316.png 416w\" sizes=\"auto, (max-width: 616px) 100vw, 616px\" \/><\/figure><\/div><\/div><div class=\"carousel-nav has-margin-top-5 has-margin-top-mobile-5 has-negative-margin-left-5 has-negative-margin-left-mobile-5 has-negative-margin-right-5 has-negative-margin-right-mobile-5\" data-flickity=\"{&quot;asNavFor&quot;:&quot;.has-carousel&quot;,&quot;autoPlay&quot;:false,&quot;contain&quot;:true,&quot;cellAlign&quot;:&quot;left&quot;,&quot;pageDots&quot;:false,&quot;thumbnails&quot;:false,&quot;draggable&quot;:true,&quot;prevNextButtons&quot;:false,&quot;wrapAround&quot;:false}\"><div class=\"coblocks--item-thumbnail\"><figure class=\"coblocks--figure has-margin-left-5 has-margin-left-mobile-5 has-margin-right-5 has-margin-right-mobile-5\"><img decoding=\"async\" src=\"https:\/\/radiobutiabrasil.com\/wp-content\/uploads\/2020\/08\/\u00a9Lucas_Braga-28072018-2875-1024x683.jpg\" alt=\"\" data-id=\"9304\" data-link=\"https:\/\/radiobutiabrasil.com\/movimento-musica-e-infancia-2\/lucas_braga-28072018-2875\/\"\/><\/figure><\/div><div class=\"coblocks--item-thumbnail\"><figure class=\"coblocks--figure has-margin-left-5 has-margin-left-mobile-5 has-margin-right-5 has-margin-right-mobile-5\"><img decoding=\"async\" src=\"https:\/\/radiobutiabrasil.com\/wp-content\/uploads\/2020\/08\/3-1-1024x682.jpg\" alt=\"\" data-id=\"9303\" data-link=\"https:\/\/radiobutiabrasil.com\/movimento-musica-e-infancia-2\/3-1\/\"\/><\/figure><\/div><div class=\"coblocks--item-thumbnail\"><figure class=\"coblocks--figure has-margin-left-5 has-margin-left-mobile-5 has-margin-right-5 has-margin-right-mobile-5\"><img decoding=\"async\" src=\"https:\/\/radiobutiabrasil.com\/wp-content\/uploads\/2020\/08\/A-festa-do-Pijama-Anna-Campos-scaled-2-1024x923.jpg\" alt=\"\" data-id=\"9301\" data-link=\"https:\/\/radiobutiabrasil.com\/movimento-musica-e-infancia-2\/a-festa-do-pijama-anna-campos-scaled-2\/\"\/><\/figure><\/div><div class=\"coblocks--item-thumbnail\"><figure class=\"coblocks--figure has-margin-left-5 has-margin-left-mobile-5 has-margin-right-5 has-margin-right-mobile-5\"><img decoding=\"async\" src=\"https:\/\/radiobutiabrasil.com\/wp-content\/uploads\/2020\/08\/Ana-Cristina-foto-Helena-Leao3-1024x682.jpg\" alt=\"\" data-id=\"9298\" data-link=\"https:\/\/radiobutiabrasil.com\/movimento-musica-e-infancia-2\/ana-cristina-foto-helena-leao3\/\"\/><\/figure><\/div><div class=\"coblocks--item-thumbnail\"><figure class=\"coblocks--figure has-margin-left-5 has-margin-left-mobile-5 has-margin-right-5 has-margin-right-mobile-5\"><img decoding=\"async\" src=\"https:\/\/radiobutiabrasil.com\/wp-content\/uploads\/2020\/08\/circo-marimbondo-festival-saci-pipa-1.jpg\" alt=\"\" data-id=\"9297\" data-link=\"https:\/\/radiobutiabrasil.com\/movimento-musica-e-infancia-2\/circo-marimbondo-festival-saci-pipa-1\/\"\/><\/figure><\/div><div class=\"coblocks--item-thumbnail\"><figure class=\"coblocks--figure has-margin-left-5 has-margin-left-mobile-5 has-margin-right-5 has-margin-right-mobile-5\"><img decoding=\"async\" src=\"https:\/\/radiobutiabrasil.com\/wp-content\/uploads\/2020\/08\/Dani-Libanio-1-1-1005x1024.jpg\" alt=\"\" data-id=\"9295\" data-link=\"https:\/\/radiobutiabrasil.com\/movimento-musica-e-infancia-2\/dani-libanio-1-1\/\"\/><\/figure><\/div><div class=\"coblocks--item-thumbnail\"><figure class=\"coblocks--figure has-margin-left-5 has-margin-left-mobile-5 has-margin-right-5 has-margin-right-mobile-5\"><img decoding=\"async\" src=\"https:\/\/radiobutiabrasil.com\/wp-content\/uploads\/2020\/08\/FOTOS-CIA-PE-DE-MOLEQUE-scaled-1-1024x683.jpg\" alt=\"\" data-id=\"9292\" data-link=\"https:\/\/radiobutiabrasil.com\/movimento-musica-e-infancia-2\/cia-pe-de-moleque-minhas-primeiras-cancoes\/\"\/><\/figure><\/div><div class=\"coblocks--item-thumbnail\"><figure class=\"coblocks--figure has-margin-left-5 has-margin-left-mobile-5 has-margin-right-5 has-margin-right-mobile-5\"><img decoding=\"async\" src=\"https:\/\/radiobutiabrasil.com\/wp-content\/uploads\/2020\/08\/Grupo-Bambulha-scaled-1-1024x682.jpg\" alt=\"\" data-id=\"9290\" data-link=\"https:\/\/radiobutiabrasil.com\/movimento-musica-e-infancia-2\/grupo-bambulha-scaled-1\/\"\/><\/figure><\/div><div class=\"coblocks--item-thumbnail\"><figure class=\"coblocks--figure has-margin-left-5 has-margin-left-mobile-5 has-margin-right-5 has-margin-right-mobile-5\"><img decoding=\"async\" src=\"https:\/\/radiobutiabrasil.com\/wp-content\/uploads\/2020\/08\/Grupo-Maria-Cutia-Foto_-Divulgacao-scaled-1-1024x683.jpg\" alt=\"\" data-id=\"9288\" data-link=\"https:\/\/radiobutiabrasil.com\/movimento-musica-e-infancia-2\/grupo-maria-cutia-foto_-divulgacao-scaled-1\/\"\/><\/figure><\/div><div class=\"coblocks--item-thumbnail\"><figure class=\"coblocks--figure has-margin-left-5 has-margin-left-mobile-5 has-margin-right-5 has-margin-right-mobile-5\"><img decoding=\"async\" src=\"https:\/\/radiobutiabrasil.com\/wp-content\/uploads\/2020\/08\/MARCO-AUR-foto-@kikaantunes-scaled-1-682x1024.jpg\" alt=\"\" data-id=\"9286\" data-link=\"https:\/\/radiobutiabrasil.com\/movimento-musica-e-infancia-2\/marco-aur-foto-kikaantunes-scaled-1\/\"\/><\/figure><\/div><div class=\"coblocks--item-thumbnail\"><figure class=\"coblocks--figure has-margin-left-5 has-margin-left-mobile-5 has-margin-right-5 has-margin-right-mobile-5\"><img decoding=\"async\" src=\"https:\/\/radiobutiabrasil.com\/wp-content\/uploads\/2020\/08\/image-5.png\" alt=\"\" data-id=\"9284\" data-link=\"https:\/\/radiobutiabrasil.com\/movimento-musica-e-infancia-2\/image-5\/\"\/><\/figure><\/div><\/div><\/div><\/div><div style=\"height:50px\" aria-hidden=\"true\" class=\"wp-block-spacer\"><\/div><div class=\"wp-block-columns is-layout-flex wp-container-core-columns-is-layout-1 wp-block-columns-is-layout-flex\"><div class=\"wp-block-column is-layout-flow wp-block-column-is-layout-flow\">\n <div id=\"wrapperMI_0\" class=\"wrap-mjp nostop flip \" style=\"position: relative; padding:5px 0px 30px 0px; margin:0px; width:100%;\">\n\t<div style=\"display:none;\" class=\"Eabove-mjp\" id=\"Eabove-mjp_0\"><\/div>\n\t <div class=\"subwrap-MI\">\n\t\t <div class=\"jp-innerwrap\">\n\t\t\t <div class=\"innerx\"><\/div>\n\t\t\t <div class=\"innerleft\"><\/div>\n\t\t\t <div class=\"innerright\"><\/div>\n\t\t\t <div class=\"innertab\"><\/div>\n\t\t\t <div class=\"interface-mjp\" style=\"height:120px;\" id=\"interfaceMI_0\">\n\t\t\t\t <div class=\"MI-image Himg left-mjp\" id=\"MI_image_0\" style=\" width:auto; height:120px; overflow:false;\"><\/div>\n\t\t\t\t <div id=\"T_mp3j_0\" class=\"player-track-title right-mjp bold-mjp plain-mjp childNorm-mjp childItalic-mjp\" style=\"left:36px; right:36px;  top:30px;\"><\/div>\n\t\t\t\t <div class=\"bars_holder\">\n\t\t\t\t\t <div class=\"loadMI_mp3j\" id=\"load_mp3j_0\"><\/div>\n\t\t\t\t\t <div class=\"poscolMI_mp3j soften-mjp\" id=\"poscol_mp3j_0\"><\/div>\n\t\t\t\t\t <div class=\"posbarMI_mp3j\" id=\"posbar_mp3j_0\"><\/div>\n\t\t\t\t <\/div>\n\t\t\t\t <div id=\"P-Time-MI_0\" class=\"jp-play-time\"><\/div>\n\t\t\t\t <div id=\"T-Time-MI_0\" class=\"jp-total-time\"><\/div>\n\t\t\t\t <div id=\"statusMI_0\" class=\"statusMI\"><\/div>\n\t\t\t\t <div class=\"transport-MI\"><div class=\"play-mjp\" id=\"playpause_mp3j_0\">Play<\/div><div class=\"stop-mjp\" id=\"stop_mp3j_0\">Stop<\/div><div class=\"next-mjp\" id=\"Next_mp3j_0\">Next&raquo;<\/div><div class=\"prev-mjp\" id=\"Prev_mp3j_0\">&laquo;Prev<\/div><\/div>\n\t\t\t\t <div class=\"buttons-wrap-mjp\" id=\"buttons-wrap-mjp_0\">\n\t\t\t\t\t <div class=\"playlist-toggle-MI\" id=\"playlist-toggle_0\">HIDE PLAYLIST<\/div>\n\t\t\t\t\t <div class=\"mp3j-popout-MI\" id=\"lpp_mp3j_0\" style=\"display:none;\"><\/div>\n\t\t\t\t\t \n\t\t\t\t <\/div>\n\t\t\t <\/div>\n\t\t\t <div class=\"mjp-volwrap\">\n\t\t\t\t <div class=\"MIsliderVolume\" id=\"vol_mp3j_0\"><\/div>\n\t\t\t\t <div class=\"innerExt1\" id=\"innerExt1_0\"><\/div>\n\t\t\t\t <div class=\"innerExt2\" id=\"innerExt2_0\"><\/div>\n\t\t\t <\/div>\n\t\t <\/div>\n\t\t <div style=\"display:none;\" class=\"Ebetween-mjp\" id=\"Ebetween-mjp_0\"><\/div>\n\t\t <div class=\"listwrap_mp3j\" id=\"L_mp3j_0\"><div class=\"wrapper-mjp\"><div class=\"playlist-colour\"><\/div><div class=\"wrapper-mjp\"><ul class=\"ul-mjp childNorm-mjp childPlain-mjp left-mjp\" id=\"UL_mp3j_0\"><li><\/li><\/ul><\/div><\/div><\/div>\n\t <\/div>\n\t <div id=\"mp3j_finfo_0\" class=\"mp3j-finfo\" style=\"display:none;\"><div class=\"mp3j-finfo-sleeve\"><div id=\"mp3j_finfo_gif_0\" class=\"mp3j-finfo-gif\"><\/div><div id=\"mp3j_finfo_txt_0\" class=\"mp3j-finfo-txt\"><\/div><div class=\"mp3j-finfo-close\" id=\"mp3j_finfo_close_0\">X<\/div><\/div><\/div><div id=\"mp3j_dlf_0\" class=\"mp3j-dlframe\" style=\"display:none;\"><\/div>\n\t <div class=\"mp3j-nosolution\" id=\"mp3j_nosolution_0\" style=\"display:none;\"><\/div>\n\t <div style=\"display:none;\" class=\"Ebelow-mjp\" id=\"Ebelow-mjp_0\"><\/div>\n <\/div> \n<script>\nMP3jPLAYLISTS.MI_0 = [\n\t{ name: \"Avi\u00e3o\", formats: [\"mp3\"], mp3: \"aHR0cHM6Ly9yYWRpb2J1dGlhYnJhc2lsLmNvbS93cC1jb250ZW50L3VwbG9hZHMvMjAyMC8wNy8xLi1BdmnDo28tTXVzaWNvcGFpLU11c2lvcGFpLm1wMw==\", counterpart:\"\", artist: \"Musicopai\", image: \"false\", imgurl: \"\" },\n\t{ name: \"Beira Mar dos Canoeiros\", formats: [\"mp3\"], mp3: \"aHR0cHM6Ly9yYWRpb2J1dGlhYnJhc2lsLmNvbS93cC1jb250ZW50L3VwbG9hZHMvMjAyMC8wNy8yLi1CZWlyYS1NYXItZG9zLUNhbm9laXJvc1NlcmVsZXBlLVNlcmVsZXBlLm1wMw==\", counterpart:\"\", artist: \"Serelepe\", image: \"false\", imgurl: \"\" },\n\t{ name: \"Passarim voou\", formats: [\"mp3\"], mp3: \"aHR0cHM6Ly9yYWRpb2J1dGlhYnJhc2lsLmNvbS93cC1jb250ZW50L3VwbG9hZHMvMjAyMC8wNy8zLi1QYXNzYXJpbS12b291LUdydXBvLUJhbWJ1bGhhLm1wMw==\", counterpart:\"\", artist: \"Grupo Bambulha\", image: \"false\", imgurl: \"\" },\n\t{ name: \"Cara de qu\u00ea\", formats: [\"mp3\"], mp3: \"aHR0cHM6Ly9yYWRpb2J1dGlhYnJhc2lsLmNvbS93cC1jb250ZW50L3VwbG9hZHMvMjAyMC8wNy80Li1DYXJhLWRlLXF1w6otQ29yYcOnw6NvLVBhbHBpdGEubXAz\", counterpart:\"\", artist: \"Cora\u00e7\u00e3o Palpita\", image: \"false\", imgurl: \"\" },\n\t{ name: \"P\u00e9 de comida\", formats: [\"mp3\"], mp3: \"aHR0cHM6Ly9yYWRpb2J1dGlhYnJhc2lsLmNvbS93cC1jb250ZW50L3VwbG9hZHMvMjAyMC8wNy81Li1Qw6ktZGUtY29taWRhLUVkdS1QaW8tU3VwZXItUGFtcC5tcDM=\", counterpart:\"\", artist: \"Super Pamp\", image: \"false\", imgurl: \"\" },\n\t{ name: \"A festa do pijama  (Tat\u00e1 Santana)\", formats: [\"wav\"], mp3: \"aHR0cHM6Ly9yYWRpb2J1dGlhYnJhc2lsLmNvbS93cC1jb250ZW50L3VwbG9hZHMvMjAyMC8wNy82Li1BLWZlc3RhLWRvLXBpamFtYS1UYXTDoS1TYW50YW5hLUdydXBvLU9yaXVuZG8ud2F2\", counterpart:\"\", artist: \"Grupo Oriundo\", image: \"false\", imgurl: \"\" },\n\t{ name: \"Festa na Floresta\", formats: [\"mp3\"], mp3: \"aHR0cHM6Ly9yYWRpb2J1dGlhYnJhc2lsLmNvbS93cC1jb250ZW50L3VwbG9hZHMvMjAyMC8wNy83Li1GZXN0YS1uYS1GbG9yZXN0YS1aaXJpZ3VpYnVtLVppcmlndWlidW0ubXAz\", counterpart:\"\", artist: \"Ziriguibum\", image: \"false\", imgurl: \"\" },\n\t{ name: \"Varre, Varre\", formats: [\"mp3\"], mp3: \"aHR0cHM6Ly9yYWRpb2J1dGlhYnJhc2lsLmNvbS93cC1jb250ZW50L3VwbG9hZHMvMjAyMC8wNy84Li1WYXJyZS1WYXJyZS1TaWx2aWEtTmVncsOjby1TaWx2aWEtTmVncsOjby5tcDM=\", counterpart:\"\", artist: \"Silvia Negr\u00e3o\", image: \"false\", imgurl: \"\" },\n\t{ name: \"Maria Cutia\", formats: [\"mp3\"], mp3: \"aHR0cHM6Ly9yYWRpb2J1dGlhYnJhc2lsLmNvbS93cC1jb250ZW50L3VwbG9hZHMvMjAyMC8wNy85Li1MYXZyYS1UcsOtbmd1YS1IdWdvLWRhLVNpbHZhLU1hcmlhbmEtQXJydWRhLWUtTGVvbmFyZG8tUm9jaGEtTWFyaWEtQ3V0aWEubXAz\", counterpart:\"\", artist: \"Lavra Tr\u00c3\u00adngua\", image: \"false\", imgurl: \"\" },\n\t{ name: \"Menino grand\u00e3o, menino le\u00e3o\", formats: [\"mp3\"], mp3: \"aHR0cHM6Ly9yYWRpb2J1dGlhYnJhc2lsLmNvbS93cC1jb250ZW50L3VwbG9hZHMvMjAyMC8wNy8xMC4tTWVuaW5vLWdyYW5kw6NvbWVuaW5vLWxlw6NvLUNpYS1Qw6ktZGUtTW9sZXF1ZS1DaWEtUMOpLWRlLU1vbGVxdWUubXAz\", counterpart:\"\", artist: \"Cia P\u00e9 de Moleque\", image: \"false\", imgurl: \"\" },\n\t{ name: \"Harearanha\", formats: [\"mp3\"], mp3: \"aHR0cHM6Ly9yYWRpb2J1dGlhYnJhc2lsLmNvbS93cC1jb250ZW50L3VwbG9hZHMvMjAyMC8wNy8xMS4tSGFyZWFyYW5oYS1HcnVwby3DiXJhbW9zLVRyw6pzLm1wMw==\", counterpart:\"\", artist: \"\u00c9ramos Tr\u00eas\", image: \"false\", imgurl: \"\" },\n\t{ name: \"Olhos virados (Marina Ferraz)\", formats: [\"mp3\"], mp3: \"aHR0cHM6Ly9yYWRpb2J1dGlhYnJhc2lsLmNvbS93cC1jb250ZW50L3VwbG9hZHMvMjAyMC8wNy8xMi4tT2xob3MtdmlyYWRvcy1NYXJpbmEtRmVycmF6LUdydXBvLUFtYXJhbnRvLm1wMw==\", counterpart:\"\", artist: \"Amaranto\", image: \"false\", imgurl: \"\" },\n\t{ name: \"Oh Mam\u00e3e\", formats: [\"mp3\"], mp3: \"aHR0cHM6Ly9yYWRpb2J1dGlhYnJhc2lsLmNvbS93cC1jb250ZW50L3VwbG9hZHMvMjAyMC8wNy8xMy4tT2gtTWFtw6NlLU1hcmNvLUF1ci1NYXJjby1BdXIubXAz\", counterpart:\"\", artist: \"Marco Aur\", image: \"false\", imgurl: \"\" }\n];\n<\/script>\n\n<script>MP3jPLAYERS[0] = { list:MP3jPLAYLISTS.MI_0, tr:0, type:'MI', lstate:true, loop:false, play_txt:'Play', pause_txt:'Pause', pp_title:'Radio Buti\u00e1 Brasil', autoplay:true, download:false, vol:100, height:120, cssclass:'nostop flip ', popout_css:{ enabled:true, \t\t\tcolours: [\"#f0f0f0\", \"rgba(0, 0, 0, 0.18)\", \"rgba(167, 167, 167, 0.55)\", \"rgba(49, 49, 49, 0.64)\", \"rgba(0, 180, 37, 0.91)\", \"#d3d3d3\", \"#d8d8d8\", \"#3d3232\", \"#262120\", \"#262120\", \"#11912b\", \"\/\", 400, 600 ],\n\t\t\tcssInterface: { \"color\": \"#3d3232\" },\n\t\t\tcssTitle: { \"left\": \"36px\", \"right\":\"36px\", \"top\":\"30px\" },\n\t\t\tcssImage: { \"overflow\": \"false\", \"width\":\"auto\", \"height\":\"120px\"  },\n\t\t\tcssFontSize: { \"title\": \"22px\", \"caption\": \"15.4px\", \"list\": \"18px\" },\n\t\t\tclasses: { interface:'', title:' right-mjp bold-mjp plain-mjp childNorm-mjp childItalic-mjp', image:' Himg left-mjp', poscol:' soften-mjp', ul:' childNorm-mjp childPlain-mjp left-mjp' }} };<\/script>\n\n<\/div>\n\n<div class=\"wp-block-column is-layout-flow wp-block-column-is-layout-flow\"><p class=\"has-white-color has-luminous-vivid-orange-background-color has-text-color has-background has-medium-font-size\">A partir do segundo encontro, o grupo foi tomando consist\u00eancia e se tornando um p\u00f3lo de discuss\u00e3o e de cria\u00e7\u00e3o art\u00edstica, tendo como ponto referencial a m\u00fasica. <br><br><strong>Fazem parte deste Movimento:\u00a0<\/strong><br>Ana Cristina, Ana Laura, Bambulha, Beatriz Myrrha, Bianca Luar, Caixa Sonora, Cia P\u00e9 de Moleque, Circo Marimbondo, Cora\u00e7\u00e3o Palpita, Dani Libanio, Denise Ursine, Diego Musicopai, Disco de Pel\u00facia, Enyo Saldanha, \u00c9rica Ketu, Grupo Amaranto, Grupo Maria Cutia, Marcinho de Castro, Marco Aur, Morgana (Uatat\u00e1), O Quintal da Guegu\u00e9, Ot\u00e1vio Cotta, P\u00e9 de Sonho, Serelepe EBA-UFMG, S\u00edlvia Negr\u00e3o, Super Pamp, Trio Amaranto, Ziriguibum.<\/p><\/div><\/div>","protected":false},"excerpt":{"rendered":"<p>O MOVMI, Movimento M\u00fasica e Inf\u00e2ncia, nasceu em Belo Horizonte (Minas Gerais) e \u00e9 composto por m\u00fasicos e musicistas, contadores e contadoras de hist\u00f3rias, palha\u00e7os e palha\u00e7as, brincantes, docentes, atrizes e atores que dedicam seus trabalhos ao universo infantil e est\u00e3o presentes na cena art\u00edstica de Belo Horizonte.<\/p>\n","protected":false},"author":9,"featured_media":9281,"comment_status":"closed","ping_status":"closed","sticky":false,"template":"","format":"standard","meta":{"_coblocks_attr":"","_coblocks_dimensions":"","_coblocks_responsive_height":"","_coblocks_accordion_ie_support":"","_uag_custom_page_level_css":"","footnotes":""},"categories":[25],"tags":[],"class_list":["post-9201","post","type-post","status-publish","format-standard","has-post-thumbnail","hentry","category-programas"],"yoast_head":"<!-- This site is optimized with the Yoast SEO plugin v26.6 - https:\/\/yoast.com\/wordpress\/plugins\/seo\/ -->\n<title>Movimento M\u00fasica e Inf\u00e2ncia - BH - Radio Buti\u00e1 Brasil<\/title>\n<meta name=\"robots\" content=\"index, follow, max-snippet:-1, max-image-preview:large, max-video-preview:-1\" \/>\n<link rel=\"canonical\" href=\"https:\/\/radiobutiabrasil.com\/?p=9201\" \/>\n<meta property=\"og:locale\" content=\"pt_BR\" \/>\n<meta property=\"og:type\" content=\"article\" \/>\n<meta property=\"og:title\" content=\"Movimento M\u00fasica e Inf\u00e2ncia - BH - Radio Buti\u00e1 Brasil\" \/>\n<meta property=\"og:description\" content=\"O MOVMI, Movimento M\u00fasica e Inf\u00e2ncia, nasceu em Belo Horizonte (Minas Gerais) e \u00e9 composto por m\u00fasicos e musicistas, contadores e contadoras de hist\u00f3rias, palha\u00e7os e palha\u00e7as, brincantes, docentes, atrizes e atores que dedicam seus trabalhos ao universo infantil e est\u00e3o presentes na cena art\u00edstica de Belo Horizonte.\" \/>\n<meta property=\"og:url\" content=\"https:\/\/radiobutiabrasil.com\/?p=9201\" \/>\n<meta property=\"og:site_name\" content=\"Radio Buti\u00e1 Brasil\" \/>\n<meta property=\"article:published_time\" content=\"2020-07-09T00:08:38+00:00\" \/>\n<meta property=\"article:modified_time\" content=\"2020-08-28T18:03:41+00:00\" \/>\n<meta property=\"og:image\" content=\"https:\/\/radiobutiabrasil.com\/wp-content\/uploads\/2020\/07\/movmi.png\" \/>\n\t<meta property=\"og:image:width\" content=\"400\" \/>\n\t<meta property=\"og:image:height\" content=\"400\" \/>\n\t<meta property=\"og:image:type\" content=\"image\/png\" \/>\n<meta name=\"author\" content=\"caroline casagrande\" \/>\n<meta name=\"twitter:card\" content=\"summary_large_image\" \/>\n<meta name=\"twitter:label1\" content=\"Escrito por\" \/>\n\t<meta name=\"twitter:data1\" content=\"caroline casagrande\" \/>\n\t<meta name=\"twitter:label2\" content=\"Est. tempo de leitura\" \/>\n\t<meta name=\"twitter:data2\" content=\"1 minuto\" \/>\n<script type=\"application\/ld+json\" class=\"yoast-schema-graph\">{\"@context\":\"https:\/\/schema.org\",\"@graph\":[{\"@type\":\"WebPage\",\"@id\":\"https:\/\/radiobutiabrasil.com\/?p=9201\",\"url\":\"https:\/\/radiobutiabrasil.com\/?p=9201\",\"name\":\"Movimento M\u00fasica e Inf\u00e2ncia - BH - Radio Buti\u00e1 Brasil\",\"isPartOf\":{\"@id\":\"https:\/\/radiobutiabrasil.com\/#website\"},\"primaryImageOfPage\":{\"@id\":\"https:\/\/radiobutiabrasil.com\/?p=9201#primaryimage\"},\"image\":{\"@id\":\"https:\/\/radiobutiabrasil.com\/?p=9201#primaryimage\"},\"thumbnailUrl\":\"https:\/\/radiobutiabrasil.com\/wp-content\/uploads\/2020\/07\/movmi.png\",\"datePublished\":\"2020-07-09T00:08:38+00:00\",\"dateModified\":\"2020-08-28T18:03:41+00:00\",\"author\":{\"@id\":\"https:\/\/radiobutiabrasil.com\/#\/schema\/person\/04c548d3de548f242641a8020b3ade84\"},\"breadcrumb\":{\"@id\":\"https:\/\/radiobutiabrasil.com\/?p=9201#breadcrumb\"},\"inLanguage\":\"pt-BR\",\"potentialAction\":[{\"@type\":\"ReadAction\",\"target\":[\"https:\/\/radiobutiabrasil.com\/?p=9201\"]}]},{\"@type\":\"ImageObject\",\"inLanguage\":\"pt-BR\",\"@id\":\"https:\/\/radiobutiabrasil.com\/?p=9201#primaryimage\",\"url\":\"https:\/\/radiobutiabrasil.com\/wp-content\/uploads\/2020\/07\/movmi.png\",\"contentUrl\":\"https:\/\/radiobutiabrasil.com\/wp-content\/uploads\/2020\/07\/movmi.png\",\"width\":400,\"height\":400},{\"@type\":\"BreadcrumbList\",\"@id\":\"https:\/\/radiobutiabrasil.com\/?p=9201#breadcrumb\",\"itemListElement\":[{\"@type\":\"ListItem\",\"position\":1,\"name\":\"Portada\",\"item\":\"https:\/\/radiobutiabrasil.com\/\"},{\"@type\":\"ListItem\",\"position\":2,\"name\":\"Movimento M\u00fasica e Inf\u00e2ncia &#8211; BH\"}]},{\"@type\":\"WebSite\",\"@id\":\"https:\/\/radiobutiabrasil.com\/#website\",\"url\":\"https:\/\/radiobutiabrasil.com\/\",\"name\":\"Radio Buti\u00e1 Brasil\",\"description\":\"a boa m\u00fasica pra toda a vida\",\"potentialAction\":[{\"@type\":\"SearchAction\",\"target\":{\"@type\":\"EntryPoint\",\"urlTemplate\":\"https:\/\/radiobutiabrasil.com\/?s={search_term_string}\"},\"query-input\":{\"@type\":\"PropertyValueSpecification\",\"valueRequired\":true,\"valueName\":\"search_term_string\"}}],\"inLanguage\":\"pt-BR\"},{\"@type\":\"Person\",\"@id\":\"https:\/\/radiobutiabrasil.com\/#\/schema\/person\/04c548d3de548f242641a8020b3ade84\",\"name\":\"caroline casagrande\",\"image\":{\"@type\":\"ImageObject\",\"inLanguage\":\"pt-BR\",\"@id\":\"https:\/\/radiobutiabrasil.com\/#\/schema\/person\/image\/\",\"url\":\"https:\/\/secure.gravatar.com\/avatar\/abc72c2d5c80890d6d1736b431679681?s=96&d=mm&r=g\",\"contentUrl\":\"https:\/\/secure.gravatar.com\/avatar\/abc72c2d5c80890d6d1736b431679681?s=96&d=mm&r=g\",\"caption\":\"caroline casagrande\"},\"url\":\"https:\/\/radiobutiabrasil.com\/?author=9\"}]}<\/script>\n<!-- \/ Yoast SEO plugin. -->","yoast_head_json":{"title":"Movimento M\u00fasica e Inf\u00e2ncia - BH - Radio Buti\u00e1 Brasil","robots":{"index":"index","follow":"follow","max-snippet":"max-snippet:-1","max-image-preview":"max-image-preview:large","max-video-preview":"max-video-preview:-1"},"canonical":"https:\/\/radiobutiabrasil.com\/?p=9201","og_locale":"pt_BR","og_type":"article","og_title":"Movimento M\u00fasica e Inf\u00e2ncia - BH - Radio Buti\u00e1 Brasil","og_description":"O MOVMI, Movimento M\u00fasica e Inf\u00e2ncia, nasceu em Belo Horizonte (Minas Gerais) e \u00e9 composto por m\u00fasicos e musicistas, contadores e contadoras de hist\u00f3rias, palha\u00e7os e palha\u00e7as, brincantes, docentes, atrizes e atores que dedicam seus trabalhos ao universo infantil e est\u00e3o presentes na cena art\u00edstica de Belo Horizonte.","og_url":"https:\/\/radiobutiabrasil.com\/?p=9201","og_site_name":"Radio Buti\u00e1 Brasil","article_published_time":"2020-07-09T00:08:38+00:00","article_modified_time":"2020-08-28T18:03:41+00:00","og_image":[{"width":400,"height":400,"url":"https:\/\/radiobutiabrasil.com\/wp-content\/uploads\/2020\/07\/movmi.png","type":"image\/png"}],"author":"caroline casagrande","twitter_card":"summary_large_image","twitter_misc":{"Escrito por":"caroline casagrande","Est. tempo de leitura":"1 minuto"},"schema":{"@context":"https:\/\/schema.org","@graph":[{"@type":"WebPage","@id":"https:\/\/radiobutiabrasil.com\/?p=9201","url":"https:\/\/radiobutiabrasil.com\/?p=9201","name":"Movimento M\u00fasica e Inf\u00e2ncia - BH - Radio Buti\u00e1 Brasil","isPartOf":{"@id":"https:\/\/radiobutiabrasil.com\/#website"},"primaryImageOfPage":{"@id":"https:\/\/radiobutiabrasil.com\/?p=9201#primaryimage"},"image":{"@id":"https:\/\/radiobutiabrasil.com\/?p=9201#primaryimage"},"thumbnailUrl":"https:\/\/radiobutiabrasil.com\/wp-content\/uploads\/2020\/07\/movmi.png","datePublished":"2020-07-09T00:08:38+00:00","dateModified":"2020-08-28T18:03:41+00:00","author":{"@id":"https:\/\/radiobutiabrasil.com\/#\/schema\/person\/04c548d3de548f242641a8020b3ade84"},"breadcrumb":{"@id":"https:\/\/radiobutiabrasil.com\/?p=9201#breadcrumb"},"inLanguage":"pt-BR","potentialAction":[{"@type":"ReadAction","target":["https:\/\/radiobutiabrasil.com\/?p=9201"]}]},{"@type":"ImageObject","inLanguage":"pt-BR","@id":"https:\/\/radiobutiabrasil.com\/?p=9201#primaryimage","url":"https:\/\/radiobutiabrasil.com\/wp-content\/uploads\/2020\/07\/movmi.png","contentUrl":"https:\/\/radiobutiabrasil.com\/wp-content\/uploads\/2020\/07\/movmi.png","width":400,"height":400},{"@type":"BreadcrumbList","@id":"https:\/\/radiobutiabrasil.com\/?p=9201#breadcrumb","itemListElement":[{"@type":"ListItem","position":1,"name":"Portada","item":"https:\/\/radiobutiabrasil.com\/"},{"@type":"ListItem","position":2,"name":"Movimento M\u00fasica e Inf\u00e2ncia &#8211; BH"}]},{"@type":"WebSite","@id":"https:\/\/radiobutiabrasil.com\/#website","url":"https:\/\/radiobutiabrasil.com\/","name":"Radio Buti\u00e1 Brasil","description":"a boa m\u00fasica pra toda a vida","potentialAction":[{"@type":"SearchAction","target":{"@type":"EntryPoint","urlTemplate":"https:\/\/radiobutiabrasil.com\/?s={search_term_string}"},"query-input":{"@type":"PropertyValueSpecification","valueRequired":true,"valueName":"search_term_string"}}],"inLanguage":"pt-BR"},{"@type":"Person","@id":"https:\/\/radiobutiabrasil.com\/#\/schema\/person\/04c548d3de548f242641a8020b3ade84","name":"caroline casagrande","image":{"@type":"ImageObject","inLanguage":"pt-BR","@id":"https:\/\/radiobutiabrasil.com\/#\/schema\/person\/image\/","url":"https:\/\/secure.gravatar.com\/avatar\/abc72c2d5c80890d6d1736b431679681?s=96&d=mm&r=g","contentUrl":"https:\/\/secure.gravatar.com\/avatar\/abc72c2d5c80890d6d1736b431679681?s=96&d=mm&r=g","caption":"caroline casagrande"},"url":"https:\/\/radiobutiabrasil.com\/?author=9"}]}},"uagb_featured_image_src":{"full":["https:\/\/radiobutiabrasil.com\/wp-content\/uploads\/2020\/07\/movmi.png",400,400,false],"thumbnail":["https:\/\/radiobutiabrasil.com\/wp-content\/uploads\/2020\/07\/movmi-150x150.png",150,150,true],"medium":["https:\/\/radiobutiabrasil.com\/wp-content\/uploads\/2020\/07\/movmi-300x300.png",300,300,true],"medium_large":["https:\/\/radiobutiabrasil.com\/wp-content\/uploads\/2020\/07\/movmi.png",400,400,false],"large":["https:\/\/radiobutiabrasil.com\/wp-content\/uploads\/2020\/07\/movmi.png",400,400,false],"1536x1536":["https:\/\/radiobutiabrasil.com\/wp-content\/uploads\/2020\/07\/movmi.png",400,400,false],"2048x2048":["https:\/\/radiobutiabrasil.com\/wp-content\/uploads\/2020\/07\/movmi.png",400,400,false],"woocommerce_thumbnail":["https:\/\/radiobutiabrasil.com\/wp-content\/uploads\/2020\/07\/movmi-324x324.png",324,324,true],"woocommerce_single":["https:\/\/radiobutiabrasil.com\/wp-content\/uploads\/2020\/07\/movmi.png",400,400,false],"woocommerce_gallery_thumbnail":["https:\/\/radiobutiabrasil.com\/wp-content\/uploads\/2020\/07\/movmi-100x100.png",100,100,true]},"uagb_author_info":{"display_name":"caroline casagrande","author_link":"https:\/\/radiobutiabrasil.com\/?author=9"},"uagb_comment_info":0,"uagb_excerpt":"O MOVMI, Movimento M\u00fasica e Inf\u00e2ncia, nasceu em Belo Horizonte (Minas Gerais) e \u00e9 composto por m\u00fasicos e musicistas, contadores e contadoras de hist\u00f3rias, palha\u00e7os e palha\u00e7as, brincantes, docentes, atrizes e atores que dedicam seus trabalhos ao universo infantil e est\u00e3o presentes na cena art\u00edstica de Belo Horizonte.","_links":{"self":[{"href":"https:\/\/radiobutiabrasil.com\/index.php?rest_route=\/wp\/v2\/posts\/9201","targetHints":{"allow":["GET"]}}],"collection":[{"href":"https:\/\/radiobutiabrasil.com\/index.php?rest_route=\/wp\/v2\/posts"}],"about":[{"href":"https:\/\/radiobutiabrasil.com\/index.php?rest_route=\/wp\/v2\/types\/post"}],"author":[{"embeddable":true,"href":"https:\/\/radiobutiabrasil.com\/index.php?rest_route=\/wp\/v2\/users\/9"}],"replies":[{"embeddable":true,"href":"https:\/\/radiobutiabrasil.com\/index.php?rest_route=%2Fwp%2Fv2%2Fcomments&post=9201"}],"version-history":[{"count":34,"href":"https:\/\/radiobutiabrasil.com\/index.php?rest_route=\/wp\/v2\/posts\/9201\/revisions"}],"predecessor-version":[{"id":9542,"href":"https:\/\/radiobutiabrasil.com\/index.php?rest_route=\/wp\/v2\/posts\/9201\/revisions\/9542"}],"wp:featuredmedia":[{"embeddable":true,"href":"https:\/\/radiobutiabrasil.com\/index.php?rest_route=\/wp\/v2\/media\/9281"}],"wp:attachment":[{"href":"https:\/\/radiobutiabrasil.com\/index.php?rest_route=%2Fwp%2Fv2%2Fmedia&parent=9201"}],"wp:term":[{"taxonomy":"category","embeddable":true,"href":"https:\/\/radiobutiabrasil.com\/index.php?rest_route=%2Fwp%2Fv2%2Fcategories&post=9201"},{"taxonomy":"post_tag","embeddable":true,"href":"https:\/\/radiobutiabrasil.com\/index.php?rest_route=%2Fwp%2Fv2%2Ftags&post=9201"}],"curies":[{"name":"wp","href":"https:\/\/api.w.org\/{rel}","templated":true}]}}