{"id":9220,"date":"2020-08-12T18:15:13","date_gmt":"2020-08-12T18:15:13","guid":{"rendered":"https:\/\/radiobutiabrasil.com\/?p=9220"},"modified":"2020-08-28T14:25:17","modified_gmt":"2020-08-28T14:25:17","slug":"a-musica-para-crianca-nos-pinheirais","status":"publish","type":"post","link":"https:\/\/radiobutiabrasil.com\/?p=9220","title":{"rendered":"A m\u00fasica para crian\u00e7a nos pinheirais"},"content":{"rendered":"<p>&nbsp;<\/p>\r\n<p>A R\u00e1dio Buti\u00e1 Brasil j\u00e1 apresentou aqui duas sele\u00e7\u00f5es de m\u00fasicas infantis dos artistas de duas capitais brasileiras: Rio de Janeiro e Belo Horizonte. Cada uma revelando a beleza dos tra\u00e7os musicais de duas cidades cujos os estados\u00a0 mostram a riqueza da nossa m\u00fasica destinada ao p\u00fablico infantil.<\/p><p>Chegou a vez da capital onde nasceu a R\u00e1dio Buti\u00e1 Brasil: Curitiba! Ou <em>kur ity ba<\/em> &#8211; palavra do guarani antigo que significa &#8220;pinheiral&#8221; ou lugar de muitos pinheiros. Localizada no primeiro planalto do estado do Paran\u00e1, esta cidade est\u00e1 entre os principais p\u00f3los de produ\u00e7\u00e3o cultural para crian\u00e7as. Terra natal de grandes artistas como Rosy Greca, Mara Fontoura, N\u00e9lio Spr\u00e9a, Carlos Todeschini, que figuram nossa lista, aqui tamb\u00e9m se concentram outros artistas que vieram de outros estados mas escolheram Curitiba como morada.<\/p>\r\n<p><img loading=\"lazy\" decoding=\"async\" class=\"size-medium wp-image-9263 aligncenter\" src=\"https:\/\/radiobutiabrasil.com\/wp-content\/uploads\/2020\/08\/araucaria-300x247.png\" alt=\"\" width=\"300\" height=\"247\" srcset=\"https:\/\/radiobutiabrasil.com\/wp-content\/uploads\/2020\/08\/araucaria-300x247.png 300w, https:\/\/radiobutiabrasil.com\/wp-content\/uploads\/2020\/08\/araucaria-416x343.png 416w, https:\/\/radiobutiabrasil.com\/wp-content\/uploads\/2020\/08\/araucaria.png 510w\" sizes=\"auto, (max-width: 300px) 100vw, 300px\" \/><\/p>\r\n<p>&#8220;Sempre muito engajados com o trabalho feito no &#8220;ch\u00e3o da escola&#8221;, os artistas que aqui ganham destaque, na sua maioria, aliam sua produ\u00e7\u00e3o musical \u00e0 viv\u00eancia art\u00edstica com as crian\u00e7as no seu cotidiano escolar.&#8221;<\/p>\r\n<p><strong>Ou\u00e7a agora uma sele\u00e7\u00e3o de 13 p\u00e9rolas da m\u00fasica paranaense para crian\u00e7as especialmente pra voc\u00ea!<\/strong><\/p>\n <div id=\"wrapperMI_0\" class=\"wrap-mjp nostop flip \" style=\"position: relative; padding:5px 0px 30px 0px; margin:0px; width:100%;\">\n\t<div style=\"display:none;\" class=\"Eabove-mjp\" id=\"Eabove-mjp_0\"><\/div>\n\t <div class=\"subwrap-MI\">\n\t\t <div class=\"jp-innerwrap\">\n\t\t\t <div class=\"innerx\"><\/div>\n\t\t\t <div class=\"innerleft\"><\/div>\n\t\t\t <div class=\"innerright\"><\/div>\n\t\t\t <div class=\"innertab\"><\/div>\n\t\t\t <div class=\"interface-mjp\" style=\"height:120px;\" id=\"interfaceMI_0\">\n\t\t\t\t <div class=\"MI-image Himg left-mjp\" id=\"MI_image_0\" style=\" width:auto; height:120px; overflow:false;\"><\/div>\n\t\t\t\t <div id=\"T_mp3j_0\" class=\"player-track-title right-mjp bold-mjp plain-mjp childNorm-mjp childItalic-mjp\" style=\"left:36px; right:36px;  top:30px;\"><\/div>\n\t\t\t\t <div class=\"bars_holder\">\n\t\t\t\t\t <div class=\"loadMI_mp3j\" id=\"load_mp3j_0\"><\/div>\n\t\t\t\t\t <div class=\"poscolMI_mp3j soften-mjp\" id=\"poscol_mp3j_0\"><\/div>\n\t\t\t\t\t <div class=\"posbarMI_mp3j\" id=\"posbar_mp3j_0\"><\/div>\n\t\t\t\t <\/div>\n\t\t\t\t <div id=\"P-Time-MI_0\" class=\"jp-play-time\"><\/div>\n\t\t\t\t <div id=\"T-Time-MI_0\" class=\"jp-total-time\"><\/div>\n\t\t\t\t <div id=\"statusMI_0\" class=\"statusMI\"><\/div>\n\t\t\t\t <div class=\"transport-MI\"><div class=\"play-mjp\" id=\"playpause_mp3j_0\">Play<\/div><div class=\"stop-mjp\" id=\"stop_mp3j_0\">Stop<\/div><div class=\"next-mjp\" id=\"Next_mp3j_0\">Next&raquo;<\/div><div class=\"prev-mjp\" id=\"Prev_mp3j_0\">&laquo;Prev<\/div><\/div>\n\t\t\t\t <div class=\"buttons-wrap-mjp\" id=\"buttons-wrap-mjp_0\">\n\t\t\t\t\t <div class=\"playlist-toggle-MI\" id=\"playlist-toggle_0\">HIDE PLAYLIST<\/div>\n\t\t\t\t\t <div class=\"mp3j-popout-MI\" id=\"lpp_mp3j_0\" style=\"display:none;\"><\/div>\n\t\t\t\t\t \n\t\t\t\t <\/div>\n\t\t\t <\/div>\n\t\t\t <div class=\"mjp-volwrap\">\n\t\t\t\t <div class=\"MIsliderVolume\" id=\"vol_mp3j_0\"><\/div>\n\t\t\t\t <div class=\"innerExt1\" id=\"innerExt1_0\"><\/div>\n\t\t\t\t <div class=\"innerExt2\" id=\"innerExt2_0\"><\/div>\n\t\t\t <\/div>\n\t\t <\/div>\n\t\t <div style=\"display:none;\" class=\"Ebetween-mjp\" id=\"Ebetween-mjp_0\"><\/div>\n\t\t <div class=\"listwrap_mp3j\" id=\"L_mp3j_0\"><div class=\"wrapper-mjp\"><div class=\"playlist-colour\"><\/div><div class=\"wrapper-mjp\"><ul class=\"ul-mjp childNorm-mjp childPlain-mjp left-mjp\" id=\"UL_mp3j_0\"><li><\/li><\/ul><\/div><\/div><\/div>\n\t <\/div>\n\t <div id=\"mp3j_finfo_0\" class=\"mp3j-finfo\" style=\"display:none;\"><div class=\"mp3j-finfo-sleeve\"><div id=\"mp3j_finfo_gif_0\" class=\"mp3j-finfo-gif\"><\/div><div id=\"mp3j_finfo_txt_0\" class=\"mp3j-finfo-txt\"><\/div><div class=\"mp3j-finfo-close\" id=\"mp3j_finfo_close_0\">X<\/div><\/div><\/div><div id=\"mp3j_dlf_0\" class=\"mp3j-dlframe\" style=\"display:none;\"><\/div>\n\t <div class=\"mp3j-nosolution\" id=\"mp3j_nosolution_0\" style=\"display:none;\"><\/div>\n\t <div style=\"display:none;\" class=\"Ebelow-mjp\" id=\"Ebelow-mjp_0\"><\/div>\n <\/div> \n<script>\nMP3jPLAYLISTS.MI_0 = [\n\t{ name: \"Imagina S\u00f3\", formats: [\"mp3\"], mp3: \"aHR0cHM6Ly9yYWRpb2J1dGlhYnJhc2lsLmNvbS93cC1jb250ZW50L3VwbG9hZHMvMjAyMC8wOC8wMS4tSW1hZ2luYS1Tw7MtSm9aw6ktTmF2YXJyby1Kb1rDqS1OYXZhcnJvLm1wMw==\", counterpart:\"\", artist: \"JoZ\u00e9 Navarro\", image: \"false\", imgurl: \"\" },\n\t{ name: \"Amarelinha\", formats: [\"mp3\"], mp3: \"aHR0cHM6Ly9yYWRpb2J1dGlhYnJhc2lsLmNvbS93cC1jb250ZW50L3VwbG9hZHMvMjAyMC8wOC8xOS4tQW1hcmVsaW5oYS1fQ2FybG9zLVRvZGVzY2hpbmlfLUNvcmFsLUJhdGUtUGFwby5tcDM=\", counterpart:\"\", artist: \"Carlos Todeschini e Coral Bate Papo\", image: \"false\", imgurl: \"\" },\n\t{ name: \"Pinha, pinh\u00e3o, pinheiro\", formats: [\"mp3\"], mp3: \"aHR0cHM6Ly9yYWRpb2J1dGlhYnJhc2lsLmNvbS93cC1jb250ZW50L3VwbG9hZHMvMjAyMC8wOC8wMy4tUGluaGEtcGluaMOjby1waW5oZWlyby1Sb3N5LUdyZWNhLVJvc3ktR3JlY2EubXAz\", counterpart:\"\", artist: \"Rosy Greca\", image: \"false\", imgurl: \"\" },\n\t{ name: \"Bala de banana\", formats: [\"mp3\"], mp3: \"aHR0cHM6Ly9yYWRpb2J1dGlhYnJhc2lsLmNvbS93cC1jb250ZW50L3VwbG9hZHMvMjAyMC8wOC8wNC4tQmFsYS1kZS1iYW5hbmFNYXJjZWwtQ3J1ei1TaXJpY3V0aWNvLm1wMw==\", counterpart:\"\", artist: \"Siricutico\", image: \"false\", imgurl: \"\" },\n\t{ name: \"Sala de Palavras\", formats: [\"mp3\"], mp3: \"aHR0cHM6Ly9yYWRpb2J1dGlhYnJhc2lsLmNvbS93cC1jb250ZW50L3VwbG9hZHMvMjAyMC8wOC8wNi4tU2FsYS1kZS1QYWxhdnJhcy1QYXVsby1OYWRhbC1QYXVsby1OYWRhbC5tcDM=\", counterpart:\"\", artist: \"Paulo Nadal\", image: \"false\", imgurl: \"\" },\n\t{ name: \"Minha vitamina tem\", formats: [\"mp3\"], mp3: \"aHR0cHM6Ly9yYWRpb2J1dGlhYnJhc2lsLmNvbS93cC1jb250ZW50L3VwbG9hZHMvMjAyMC8wOC8wOS4tTWluaGEtdml0YW1pbmEtdGVtLV9CcmVlemUtUm9zYV8tQnJlZXplLVJvc2EubXAz\", counterpart:\"\", artist: \"Breeze Rosa\", image: \"false\", imgurl: \"\" },\n\t{ name: \"Jo\u00e3o de barro, papagaio e sabi\u00e1\", formats: [\"mp3\"], mp3: \"aHR0cHM6Ly9yYWRpb2J1dGlhYnJhc2lsLmNvbS93cC1jb250ZW50L3VwbG9hZHMvMjAyMC8wOC8wMy4tSm\/Do28tZGUtYmFycm8tcGFwYWdhaW8tc2FiacOhLU1pbHRvbi1LYXJhbS1NaWx0b24tS2FyYW0tZS1Db3JhbC1UcmlsaGluaGFzLm1wMw==\", counterpart:\"\", artist: \"Milton Karam e Coral Trilhinhas\", image: \"false\", imgurl: \"\" },\n\t{ name: \"As estranhas aventuras de Rude Pa\u00e7oca\", formats: [\"mp3\"], mp3: \"aHR0cHM6Ly9yYWRpb2J1dGlhYnJhc2lsLmNvbS93cC1jb250ZW50L3VwbG9hZHMvMjAyMC8wOC8xMC4tQXMtZXN0cmFuaGFzLWF2ZW50dXJhcy1kZS1SdWRlLVBhw6dvY2EtQ2Fyb2xpbmUtQ2FzYWdyYW5kZS5tcDM=\", counterpart:\"\", artist: \"Caroline Casagrande\", image: \"false\", imgurl: \"\" },\n\t{ name: \"C\u00f3cegas\", formats: [\"mp3\"], mp3: \"aHR0cHM6Ly9yYWRpb2J1dGlhYnJhc2lsLmNvbS93cC1jb250ZW50L3VwbG9hZHMvMjAyMC8wOC8wOC4tQ8OzY2VnYXMtQW5kcmV6emEtUHJvZMOzc3NpbW8tQW5kcmV6emEtUHJvZMOzc3NpbW8ubXAz\", counterpart:\"\", artist: \"Taque Tique T\u00e1\", image: \"false\", imgurl: \"\" },\n\t{ name: \"Brincar com massinha\", formats: [\"mp3\"], mp3: \"aHR0cHM6Ly9yYWRpb2J1dGlhYnJhc2lsLmNvbS93cC1jb250ZW50L3VwbG9hZHMvMjAyMC8wOC8xMi4tQnJpbmNhci1jb20tTWFzc2luaGEtSGFyZHktR3VlZGVzLUhhcmR5LUd1ZWRlcy5tcDM=\", counterpart:\"\", artist: \"Hardy Guedes\", image: \"false\", imgurl: \"\" },\n\t{ name: \"Tatu de volta ao meio\", formats: [\"mp3\"], mp3: \"aHR0cHM6Ly9yYWRpb2J1dGlhYnJhc2lsLmNvbS93cC1jb250ZW50L3VwbG9hZHMvMjAyMC8wOC8wOS4tVGF0dS1kZS12b2x0YS1hby1tZWlvLURvbcOtbmlvLVDDumJsaWNvLU7DqWxpby1TcHJlYS1lLUxldmktQnJhbmTDo28ubXAz\", counterpart:\"\", artist: \"N\u00e9lio Spr\u00e9a\", image: \"false\", imgurl: \"\" },\n\t{ name: \"Cad\u00ea o bicho\", formats: [\"mp3\"], mp3: \"aHR0cHM6Ly9yYWRpb2J1dGlhYnJhc2lsLmNvbS93cC1jb250ZW50L3VwbG9hZHMvMjAyMC8wOC8xMS4tQ2Fkw6otby1iaWNoby1fUmVnaW5hLVNodWRvLWUtTWFyYS1Gb250b3VyYV8tR2FiaV8tR2l1bGlhLWUtTWFyaWFuYS5tcDM=\", counterpart:\"\", artist: \"Mara Fontoura e Regina Shudo\", image: \"false\", imgurl: \"\" },\n\t{ name: \"Som\", formats: [\"mp3\"], mp3: \"aHR0cHM6Ly9yYWRpb2J1dGlhYnJhc2lsLmNvbS93cC1jb250ZW50L3VwbG9hZHMvMjAyMC8wOC8xMy4tU29tLUhheWTDqWUtU2VlbGluZy1Hb3Jvc2l0b0hheWTDqWUtU2VlbGluZy1Hb3Jvc2l0by5tcDM=\", counterpart:\"\", artist: \"Hayd\u00e9e Gorosito\", image: \"false\", imgurl: \"\" }\n];\n<\/script>\n\n<script>MP3jPLAYERS[0] = { list:MP3jPLAYLISTS.MI_0, tr:0, type:'MI', lstate:true, loop:false, play_txt:'Play', pause_txt:'Pause', pp_title:'Radio Buti\u00e1 Brasil', autoplay:true, download:false, vol:100, height:120, cssclass:'nostop flip ', popout_css:{ enabled:true, \t\t\tcolours: [\"#f0f0f0\", \"rgba(0, 0, 0, 0.18)\", \"rgba(167, 167, 167, 0.55)\", \"rgba(49, 49, 49, 0.64)\", \"rgba(0, 180, 37, 0.91)\", \"#d3d3d3\", \"#d8d8d8\", \"#3d3232\", \"#262120\", \"#262120\", \"#11912b\", \"\/\", 400, 600 ],\n\t\t\tcssInterface: { \"color\": \"#3d3232\" },\n\t\t\tcssTitle: { \"left\": \"36px\", \"right\":\"36px\", \"top\":\"30px\" },\n\t\t\tcssImage: { \"overflow\": \"false\", \"width\":\"auto\", \"height\":\"120px\"  },\n\t\t\tcssFontSize: { \"title\": \"22px\", \"caption\": \"15.4px\", \"list\": \"18px\" },\n\t\t\tclasses: { interface:'', title:' right-mjp bold-mjp plain-mjp childNorm-mjp childItalic-mjp', image:' Himg left-mjp', poscol:' soften-mjp', ul:' childNorm-mjp childPlain-mjp left-mjp' }} };<\/script>\n\n<h4>Voc\u00ea conhece o CURITIBIM?<\/h4>\r\n<p><img loading=\"lazy\" decoding=\"async\" class=\"alignnone size-medium wp-image-9260 alignleft\" src=\"https:\/\/radiobutiabrasil.com\/wp-content\/uploads\/2020\/08\/curitibim-300x169.jpg\" alt=\"\" width=\"300\" height=\"169\" srcset=\"https:\/\/radiobutiabrasil.com\/wp-content\/uploads\/2020\/08\/curitibim-300x169.jpg 300w, https:\/\/radiobutiabrasil.com\/wp-content\/uploads\/2020\/08\/curitibim-1024x576.jpg 1024w, https:\/\/radiobutiabrasil.com\/wp-content\/uploads\/2020\/08\/curitibim-768x432.jpg 768w, https:\/\/radiobutiabrasil.com\/wp-content\/uploads\/2020\/08\/curitibim-1536x864.jpg 1536w, https:\/\/radiobutiabrasil.com\/wp-content\/uploads\/2020\/08\/curitibim-416x234.jpg 416w, https:\/\/radiobutiabrasil.com\/wp-content\/uploads\/2020\/08\/curitibim.jpg 1920w\" sizes=\"auto, (max-width: 300px) 100vw, 300px\" \/>CURITIBIM \u00e9 uma mostra de can\u00e7\u00f5es para crian\u00e7as. Teve suas primeiras edi\u00e7\u00f5es realizadas em 2015 e em 2018. Nestas edi\u00e7\u00f5es contou com a participa\u00e7\u00e3o de 15 artistas de diferentes regi\u00f5es do Brasil. A terceira edi\u00e7\u00e3o ser\u00e1 realizada em uma LIVE, dia 02 de outubro de 2020, transmitida no Canal Parabol\u00e9. O projeto promove e valoriza a produ\u00e7\u00e3o musical brasileira dirigida a crian\u00e7as.\u00a0 Acesse\u00a0<a href=\"http:\/\/www.curitibim.com.br\/\">http:\/\/www.curitibim.com.br\/<\/a><\/p><p>&nbsp;<\/p><p>&nbsp;<\/p>","protected":false},"excerpt":{"rendered":"<p>Uma sele\u00e7\u00e3o de m\u00fasicas de artistas paranaenses pra voc\u00ea descobrir mais riquezas da nossa terra. <\/p>\n","protected":false},"author":9,"featured_media":9234,"comment_status":"closed","ping_status":"closed","sticky":false,"template":"","format":"standard","meta":{"_coblocks_attr":"","_coblocks_dimensions":"","_coblocks_responsive_height":"","_coblocks_accordion_ie_support":"","_uag_custom_page_level_css":"","footnotes":""},"categories":[25],"tags":[],"class_list":["post-9220","post","type-post","status-publish","format-standard","has-post-thumbnail","hentry","category-programas"],"yoast_head":"<!-- This site is optimized with the Yoast SEO plugin v26.6 - https:\/\/yoast.com\/wordpress\/plugins\/seo\/ -->\n<title>A m\u00fasica para crian\u00e7a nos pinheirais - Radio Buti\u00e1 Brasil<\/title>\n<meta name=\"robots\" content=\"index, follow, max-snippet:-1, max-image-preview:large, max-video-preview:-1\" \/>\n<link rel=\"canonical\" href=\"https:\/\/radiobutiabrasil.com\/?p=9220\" \/>\n<meta property=\"og:locale\" content=\"pt_BR\" \/>\n<meta property=\"og:type\" content=\"article\" \/>\n<meta property=\"og:title\" content=\"A m\u00fasica para crian\u00e7a nos pinheirais - Radio Buti\u00e1 Brasil\" \/>\n<meta property=\"og:description\" content=\"Uma sele\u00e7\u00e3o de m\u00fasicas de artistas paranaenses pra voc\u00ea descobrir mais riquezas da nossa terra.\" \/>\n<meta property=\"og:url\" content=\"https:\/\/radiobutiabrasil.com\/?p=9220\" \/>\n<meta property=\"og:site_name\" content=\"Radio Buti\u00e1 Brasil\" \/>\n<meta property=\"article:published_time\" content=\"2020-08-12T18:15:13+00:00\" \/>\n<meta property=\"article:modified_time\" content=\"2020-08-28T14:25:17+00:00\" \/>\n<meta property=\"og:image\" content=\"https:\/\/radiobutiabrasil.com\/wp-content\/uploads\/2020\/08\/pinheiro-do-paran\u00e1.jpg\" \/>\n\t<meta property=\"og:image:width\" content=\"942\" \/>\n\t<meta property=\"og:image:height\" content=\"960\" \/>\n\t<meta property=\"og:image:type\" content=\"image\/jpeg\" \/>\n<meta name=\"author\" content=\"caroline casagrande\" \/>\n<meta name=\"twitter:card\" content=\"summary_large_image\" \/>\n<meta name=\"twitter:label1\" content=\"Escrito por\" \/>\n\t<meta name=\"twitter:data1\" content=\"caroline casagrande\" \/>\n\t<meta name=\"twitter:label2\" content=\"Est. tempo de leitura\" \/>\n\t<meta name=\"twitter:data2\" content=\"1 minuto\" \/>\n<script type=\"application\/ld+json\" class=\"yoast-schema-graph\">{\"@context\":\"https:\/\/schema.org\",\"@graph\":[{\"@type\":\"WebPage\",\"@id\":\"https:\/\/radiobutiabrasil.com\/?p=9220\",\"url\":\"https:\/\/radiobutiabrasil.com\/?p=9220\",\"name\":\"A m\u00fasica para crian\u00e7a nos pinheirais - Radio Buti\u00e1 Brasil\",\"isPartOf\":{\"@id\":\"https:\/\/radiobutiabrasil.com\/#website\"},\"primaryImageOfPage\":{\"@id\":\"https:\/\/radiobutiabrasil.com\/?p=9220#primaryimage\"},\"image\":{\"@id\":\"https:\/\/radiobutiabrasil.com\/?p=9220#primaryimage\"},\"thumbnailUrl\":\"https:\/\/radiobutiabrasil.com\/wp-content\/uploads\/2020\/08\/pinheiro-do-paran\u00e1.jpg\",\"datePublished\":\"2020-08-12T18:15:13+00:00\",\"dateModified\":\"2020-08-28T14:25:17+00:00\",\"author\":{\"@id\":\"https:\/\/radiobutiabrasil.com\/#\/schema\/person\/04c548d3de548f242641a8020b3ade84\"},\"breadcrumb\":{\"@id\":\"https:\/\/radiobutiabrasil.com\/?p=9220#breadcrumb\"},\"inLanguage\":\"pt-BR\",\"potentialAction\":[{\"@type\":\"ReadAction\",\"target\":[\"https:\/\/radiobutiabrasil.com\/?p=9220\"]}]},{\"@type\":\"ImageObject\",\"inLanguage\":\"pt-BR\",\"@id\":\"https:\/\/radiobutiabrasil.com\/?p=9220#primaryimage\",\"url\":\"https:\/\/radiobutiabrasil.com\/wp-content\/uploads\/2020\/08\/pinheiro-do-paran\u00e1.jpg\",\"contentUrl\":\"https:\/\/radiobutiabrasil.com\/wp-content\/uploads\/2020\/08\/pinheiro-do-paran\u00e1.jpg\",\"width\":942,\"height\":960},{\"@type\":\"BreadcrumbList\",\"@id\":\"https:\/\/radiobutiabrasil.com\/?p=9220#breadcrumb\",\"itemListElement\":[{\"@type\":\"ListItem\",\"position\":1,\"name\":\"Portada\",\"item\":\"https:\/\/radiobutiabrasil.com\/\"},{\"@type\":\"ListItem\",\"position\":2,\"name\":\"A m\u00fasica para crian\u00e7a nos pinheirais\"}]},{\"@type\":\"WebSite\",\"@id\":\"https:\/\/radiobutiabrasil.com\/#website\",\"url\":\"https:\/\/radiobutiabrasil.com\/\",\"name\":\"Radio Buti\u00e1 Brasil\",\"description\":\"a boa m\u00fasica pra toda a vida\",\"potentialAction\":[{\"@type\":\"SearchAction\",\"target\":{\"@type\":\"EntryPoint\",\"urlTemplate\":\"https:\/\/radiobutiabrasil.com\/?s={search_term_string}\"},\"query-input\":{\"@type\":\"PropertyValueSpecification\",\"valueRequired\":true,\"valueName\":\"search_term_string\"}}],\"inLanguage\":\"pt-BR\"},{\"@type\":\"Person\",\"@id\":\"https:\/\/radiobutiabrasil.com\/#\/schema\/person\/04c548d3de548f242641a8020b3ade84\",\"name\":\"caroline casagrande\",\"image\":{\"@type\":\"ImageObject\",\"inLanguage\":\"pt-BR\",\"@id\":\"https:\/\/radiobutiabrasil.com\/#\/schema\/person\/image\/\",\"url\":\"https:\/\/secure.gravatar.com\/avatar\/abc72c2d5c80890d6d1736b431679681?s=96&d=mm&r=g\",\"contentUrl\":\"https:\/\/secure.gravatar.com\/avatar\/abc72c2d5c80890d6d1736b431679681?s=96&d=mm&r=g\",\"caption\":\"caroline casagrande\"},\"url\":\"https:\/\/radiobutiabrasil.com\/?author=9\"}]}<\/script>\n<!-- \/ Yoast SEO plugin. -->","yoast_head_json":{"title":"A m\u00fasica para crian\u00e7a nos pinheirais - Radio Buti\u00e1 Brasil","robots":{"index":"index","follow":"follow","max-snippet":"max-snippet:-1","max-image-preview":"max-image-preview:large","max-video-preview":"max-video-preview:-1"},"canonical":"https:\/\/radiobutiabrasil.com\/?p=9220","og_locale":"pt_BR","og_type":"article","og_title":"A m\u00fasica para crian\u00e7a nos pinheirais - Radio Buti\u00e1 Brasil","og_description":"Uma sele\u00e7\u00e3o de m\u00fasicas de artistas paranaenses pra voc\u00ea descobrir mais riquezas da nossa terra.","og_url":"https:\/\/radiobutiabrasil.com\/?p=9220","og_site_name":"Radio Buti\u00e1 Brasil","article_published_time":"2020-08-12T18:15:13+00:00","article_modified_time":"2020-08-28T14:25:17+00:00","og_image":[{"width":942,"height":960,"url":"https:\/\/radiobutiabrasil.com\/wp-content\/uploads\/2020\/08\/pinheiro-do-paran\u00e1.jpg","type":"image\/jpeg"}],"author":"caroline casagrande","twitter_card":"summary_large_image","twitter_misc":{"Escrito por":"caroline casagrande","Est. tempo de leitura":"1 minuto"},"schema":{"@context":"https:\/\/schema.org","@graph":[{"@type":"WebPage","@id":"https:\/\/radiobutiabrasil.com\/?p=9220","url":"https:\/\/radiobutiabrasil.com\/?p=9220","name":"A m\u00fasica para crian\u00e7a nos pinheirais - Radio Buti\u00e1 Brasil","isPartOf":{"@id":"https:\/\/radiobutiabrasil.com\/#website"},"primaryImageOfPage":{"@id":"https:\/\/radiobutiabrasil.com\/?p=9220#primaryimage"},"image":{"@id":"https:\/\/radiobutiabrasil.com\/?p=9220#primaryimage"},"thumbnailUrl":"https:\/\/radiobutiabrasil.com\/wp-content\/uploads\/2020\/08\/pinheiro-do-paran\u00e1.jpg","datePublished":"2020-08-12T18:15:13+00:00","dateModified":"2020-08-28T14:25:17+00:00","author":{"@id":"https:\/\/radiobutiabrasil.com\/#\/schema\/person\/04c548d3de548f242641a8020b3ade84"},"breadcrumb":{"@id":"https:\/\/radiobutiabrasil.com\/?p=9220#breadcrumb"},"inLanguage":"pt-BR","potentialAction":[{"@type":"ReadAction","target":["https:\/\/radiobutiabrasil.com\/?p=9220"]}]},{"@type":"ImageObject","inLanguage":"pt-BR","@id":"https:\/\/radiobutiabrasil.com\/?p=9220#primaryimage","url":"https:\/\/radiobutiabrasil.com\/wp-content\/uploads\/2020\/08\/pinheiro-do-paran\u00e1.jpg","contentUrl":"https:\/\/radiobutiabrasil.com\/wp-content\/uploads\/2020\/08\/pinheiro-do-paran\u00e1.jpg","width":942,"height":960},{"@type":"BreadcrumbList","@id":"https:\/\/radiobutiabrasil.com\/?p=9220#breadcrumb","itemListElement":[{"@type":"ListItem","position":1,"name":"Portada","item":"https:\/\/radiobutiabrasil.com\/"},{"@type":"ListItem","position":2,"name":"A m\u00fasica para crian\u00e7a nos pinheirais"}]},{"@type":"WebSite","@id":"https:\/\/radiobutiabrasil.com\/#website","url":"https:\/\/radiobutiabrasil.com\/","name":"Radio Buti\u00e1 Brasil","description":"a boa m\u00fasica pra toda a vida","potentialAction":[{"@type":"SearchAction","target":{"@type":"EntryPoint","urlTemplate":"https:\/\/radiobutiabrasil.com\/?s={search_term_string}"},"query-input":{"@type":"PropertyValueSpecification","valueRequired":true,"valueName":"search_term_string"}}],"inLanguage":"pt-BR"},{"@type":"Person","@id":"https:\/\/radiobutiabrasil.com\/#\/schema\/person\/04c548d3de548f242641a8020b3ade84","name":"caroline casagrande","image":{"@type":"ImageObject","inLanguage":"pt-BR","@id":"https:\/\/radiobutiabrasil.com\/#\/schema\/person\/image\/","url":"https:\/\/secure.gravatar.com\/avatar\/abc72c2d5c80890d6d1736b431679681?s=96&d=mm&r=g","contentUrl":"https:\/\/secure.gravatar.com\/avatar\/abc72c2d5c80890d6d1736b431679681?s=96&d=mm&r=g","caption":"caroline casagrande"},"url":"https:\/\/radiobutiabrasil.com\/?author=9"}]}},"uagb_featured_image_src":{"full":["https:\/\/radiobutiabrasil.com\/wp-content\/uploads\/2020\/08\/pinheiro-do-paran\u00e1.jpg",942,960,false],"thumbnail":["https:\/\/radiobutiabrasil.com\/wp-content\/uploads\/2020\/08\/pinheiro-do-paran\u00e1-150x150.jpg",150,150,true],"medium":["https:\/\/radiobutiabrasil.com\/wp-content\/uploads\/2020\/08\/pinheiro-do-paran\u00e1-294x300.jpg",294,300,true],"medium_large":["https:\/\/radiobutiabrasil.com\/wp-content\/uploads\/2020\/08\/pinheiro-do-paran\u00e1-768x783.jpg",768,783,true],"large":["https:\/\/radiobutiabrasil.com\/wp-content\/uploads\/2020\/08\/pinheiro-do-paran\u00e1.jpg",942,960,false],"1536x1536":["https:\/\/radiobutiabrasil.com\/wp-content\/uploads\/2020\/08\/pinheiro-do-paran\u00e1.jpg",942,960,false],"2048x2048":["https:\/\/radiobutiabrasil.com\/wp-content\/uploads\/2020\/08\/pinheiro-do-paran\u00e1.jpg",942,960,false],"woocommerce_thumbnail":["https:\/\/radiobutiabrasil.com\/wp-content\/uploads\/2020\/08\/pinheiro-do-paran\u00e1-324x324.jpg",324,324,true],"woocommerce_single":["https:\/\/radiobutiabrasil.com\/wp-content\/uploads\/2020\/08\/pinheiro-do-paran\u00e1-416x424.jpg",416,424,true],"woocommerce_gallery_thumbnail":["https:\/\/radiobutiabrasil.com\/wp-content\/uploads\/2020\/08\/pinheiro-do-paran\u00e1-100x100.jpg",100,100,true]},"uagb_author_info":{"display_name":"caroline casagrande","author_link":"https:\/\/radiobutiabrasil.com\/?author=9"},"uagb_comment_info":0,"uagb_excerpt":"Uma sele\u00e7\u00e3o de m\u00fasicas de artistas paranaenses pra voc\u00ea descobrir mais riquezas da nossa terra.","_links":{"self":[{"href":"https:\/\/radiobutiabrasil.com\/index.php?rest_route=\/wp\/v2\/posts\/9220","targetHints":{"allow":["GET"]}}],"collection":[{"href":"https:\/\/radiobutiabrasil.com\/index.php?rest_route=\/wp\/v2\/posts"}],"about":[{"href":"https:\/\/radiobutiabrasil.com\/index.php?rest_route=\/wp\/v2\/types\/post"}],"author":[{"embeddable":true,"href":"https:\/\/radiobutiabrasil.com\/index.php?rest_route=\/wp\/v2\/users\/9"}],"replies":[{"embeddable":true,"href":"https:\/\/radiobutiabrasil.com\/index.php?rest_route=%2Fwp%2Fv2%2Fcomments&post=9220"}],"version-history":[{"count":17,"href":"https:\/\/radiobutiabrasil.com\/index.php?rest_route=\/wp\/v2\/posts\/9220\/revisions"}],"predecessor-version":[{"id":9267,"href":"https:\/\/radiobutiabrasil.com\/index.php?rest_route=\/wp\/v2\/posts\/9220\/revisions\/9267"}],"wp:featuredmedia":[{"embeddable":true,"href":"https:\/\/radiobutiabrasil.com\/index.php?rest_route=\/wp\/v2\/media\/9234"}],"wp:attachment":[{"href":"https:\/\/radiobutiabrasil.com\/index.php?rest_route=%2Fwp%2Fv2%2Fmedia&parent=9220"}],"wp:term":[{"taxonomy":"category","embeddable":true,"href":"https:\/\/radiobutiabrasil.com\/index.php?rest_route=%2Fwp%2Fv2%2Fcategories&post=9220"},{"taxonomy":"post_tag","embeddable":true,"href":"https:\/\/radiobutiabrasil.com\/index.php?rest_route=%2Fwp%2Fv2%2Ftags&post=9220"}],"curies":[{"name":"wp","href":"https:\/\/api.w.org\/{rel}","templated":true}]}}