{"id":9357,"date":"2021-01-09T22:53:52","date_gmt":"2021-01-09T22:53:52","guid":{"rendered":"https:\/\/radiobutiabrasil.com\/?p=9357"},"modified":"2021-01-16T16:38:51","modified_gmt":"2021-01-16T16:38:51","slug":"sampa-pra-criancas","status":"publish","type":"post","link":"https:\/\/radiobutiabrasil.com\/?p=9357","title":{"rendered":"Sampa pra crian\u00e7as!"},"content":{"rendered":"<div id='gallery-1' class='gallery galleryid-9357 gallery-columns-3 gallery-size-full'><figure class='gallery-item'>\n\t\t\t<div class='gallery-icon landscape'>\n\t\t\t\t<a href='https:\/\/radiobutiabrasil.com\/wp-content\/uploads\/2021\/01\/Bob-Vieira.jpg'><img loading=\"lazy\" decoding=\"async\" width=\"900\" height=\"900\" src=\"https:\/\/radiobutiabrasil.com\/wp-content\/uploads\/2021\/01\/Bob-Vieira.jpg\" class=\"attachment-full size-full\" alt=\"\" srcset=\"https:\/\/radiobutiabrasil.com\/wp-content\/uploads\/2021\/01\/Bob-Vieira.jpg 900w, https:\/\/radiobutiabrasil.com\/wp-content\/uploads\/2021\/01\/Bob-Vieira-300x300.jpg 300w, https:\/\/radiobutiabrasil.com\/wp-content\/uploads\/2021\/01\/Bob-Vieira-150x150.jpg 150w, https:\/\/radiobutiabrasil.com\/wp-content\/uploads\/2021\/01\/Bob-Vieira-768x768.jpg 768w, https:\/\/radiobutiabrasil.com\/wp-content\/uploads\/2021\/01\/Bob-Vieira-324x324.jpg 324w, https:\/\/radiobutiabrasil.com\/wp-content\/uploads\/2021\/01\/Bob-Vieira-416x416.jpg 416w, https:\/\/radiobutiabrasil.com\/wp-content\/uploads\/2021\/01\/Bob-Vieira-100x100.jpg 100w\" sizes=\"auto, (max-width: 900px) 100vw, 900px\" \/><\/a>\n\t\t\t<\/div><\/figure><figure class='gallery-item'>\n\t\t\t<div class='gallery-icon landscape'>\n\t\t\t\t<a href='https:\/\/radiobutiabrasil.com\/wp-content\/uploads\/2021\/01\/Paulo-Bira.jpg'><img loading=\"lazy\" decoding=\"async\" width=\"512\" height=\"384\" src=\"https:\/\/radiobutiabrasil.com\/wp-content\/uploads\/2021\/01\/Paulo-Bira.jpg\" class=\"attachment-full size-full\" alt=\"\" srcset=\"https:\/\/radiobutiabrasil.com\/wp-content\/uploads\/2021\/01\/Paulo-Bira.jpg 512w, https:\/\/radiobutiabrasil.com\/wp-content\/uploads\/2021\/01\/Paulo-Bira-300x225.jpg 300w, https:\/\/radiobutiabrasil.com\/wp-content\/uploads\/2021\/01\/Paulo-Bira-416x312.jpg 416w\" sizes=\"auto, (max-width: 512px) 100vw, 512px\" \/><\/a>\n\t\t\t<\/div><\/figure><figure class='gallery-item'>\n\t\t\t<div class='gallery-icon landscape'>\n\t\t\t\t<a href='https:\/\/radiobutiabrasil.com\/wp-content\/uploads\/2021\/01\/gangorra.jpeg'><img loading=\"lazy\" decoding=\"async\" width=\"920\" height=\"613\" src=\"https:\/\/radiobutiabrasil.com\/wp-content\/uploads\/2021\/01\/gangorra.jpeg\" class=\"attachment-full size-full\" alt=\"\" srcset=\"https:\/\/radiobutiabrasil.com\/wp-content\/uploads\/2021\/01\/gangorra.jpeg 920w, https:\/\/radiobutiabrasil.com\/wp-content\/uploads\/2021\/01\/gangorra-300x200.jpeg 300w, https:\/\/radiobutiabrasil.com\/wp-content\/uploads\/2021\/01\/gangorra-768x512.jpeg 768w, https:\/\/radiobutiabrasil.com\/wp-content\/uploads\/2021\/01\/gangorra-416x277.jpeg 416w\" sizes=\"auto, (max-width: 920px) 100vw, 920px\" \/><\/a>\n\t\t\t<\/div><\/figure><figure class='gallery-item'>\n\t\t\t<div class='gallery-icon landscape'>\n\t\t\t\t<a href='https:\/\/radiobutiabrasil.com\/wp-content\/uploads\/2021\/01\/angudada.jpg'><img loading=\"lazy\" decoding=\"async\" width=\"300\" height=\"300\" src=\"https:\/\/radiobutiabrasil.com\/wp-content\/uploads\/2021\/01\/angudada.jpg\" class=\"attachment-full size-full\" alt=\"\" srcset=\"https:\/\/radiobutiabrasil.com\/wp-content\/uploads\/2021\/01\/angudada.jpg 300w, https:\/\/radiobutiabrasil.com\/wp-content\/uploads\/2021\/01\/angudada-150x150.jpg 150w, https:\/\/radiobutiabrasil.com\/wp-content\/uploads\/2021\/01\/angudada-100x100.jpg 100w\" sizes=\"auto, (max-width: 300px) 100vw, 300px\" \/><\/a>\n\t\t\t<\/div><\/figure><figure class='gallery-item'>\n\t\t\t<div class='gallery-icon landscape'>\n\t\t\t\t<a href='https:\/\/radiobutiabrasil.com\/wp-content\/uploads\/2021\/01\/Curuminzada.jpg'><img loading=\"lazy\" decoding=\"async\" width=\"667\" height=\"600\" src=\"https:\/\/radiobutiabrasil.com\/wp-content\/uploads\/2021\/01\/Curuminzada.jpg\" class=\"attachment-full size-full\" alt=\"\" srcset=\"https:\/\/radiobutiabrasil.com\/wp-content\/uploads\/2021\/01\/Curuminzada.jpg 667w, https:\/\/radiobutiabrasil.com\/wp-content\/uploads\/2021\/01\/Curuminzada-300x270.jpg 300w, https:\/\/radiobutiabrasil.com\/wp-content\/uploads\/2021\/01\/Curuminzada-416x374.jpg 416w\" sizes=\"auto, (max-width: 667px) 100vw, 667px\" \/><\/a>\n\t\t\t<\/div><\/figure><figure class='gallery-item'>\n\t\t\t<div class='gallery-icon portrait'>\n\t\t\t\t<a href='https:\/\/radiobutiabrasil.com\/wp-content\/uploads\/2021\/01\/banda-mirim.jpg'><img loading=\"lazy\" decoding=\"async\" width=\"765\" height=\"1024\" src=\"https:\/\/radiobutiabrasil.com\/wp-content\/uploads\/2021\/01\/banda-mirim.jpg\" class=\"attachment-full size-full\" alt=\"\" srcset=\"https:\/\/radiobutiabrasil.com\/wp-content\/uploads\/2021\/01\/banda-mirim.jpg 765w, https:\/\/radiobutiabrasil.com\/wp-content\/uploads\/2021\/01\/banda-mirim-224x300.jpg 224w, https:\/\/radiobutiabrasil.com\/wp-content\/uploads\/2021\/01\/banda-mirim-416x557.jpg 416w\" sizes=\"auto, (max-width: 765px) 100vw, 765px\" \/><\/a>\n\t\t\t<\/div><\/figure><figure class='gallery-item'>\n\t\t\t<div class='gallery-icon landscape'>\n\t\t\t\t<a href='https:\/\/radiobutiabrasil.com\/wp-content\/uploads\/2021\/01\/Crianca-Crionca.jpg'><img loading=\"lazy\" decoding=\"async\" width=\"576\" height=\"393\" src=\"https:\/\/radiobutiabrasil.com\/wp-content\/uploads\/2021\/01\/Crianca-Crionca.jpg\" class=\"attachment-full size-full\" alt=\"\" srcset=\"https:\/\/radiobutiabrasil.com\/wp-content\/uploads\/2021\/01\/Crianca-Crionca.jpg 576w, https:\/\/radiobutiabrasil.com\/wp-content\/uploads\/2021\/01\/Crianca-Crionca-300x205.jpg 300w, https:\/\/radiobutiabrasil.com\/wp-content\/uploads\/2021\/01\/Crianca-Crionca-416x284.jpg 416w\" sizes=\"auto, (max-width: 576px) 100vw, 576px\" \/><\/a>\n\t\t\t<\/div><\/figure><figure class='gallery-item'>\n\t\t\t<div class='gallery-icon portrait'>\n\t\t\t\t<a href='https:\/\/radiobutiabrasil.com\/wp-content\/uploads\/2021\/01\/mundo-aflora.jpg'><img loading=\"lazy\" decoding=\"async\" width=\"767\" height=\"1024\" src=\"https:\/\/radiobutiabrasil.com\/wp-content\/uploads\/2021\/01\/mundo-aflora.jpg\" class=\"attachment-full size-full\" alt=\"\" srcset=\"https:\/\/radiobutiabrasil.com\/wp-content\/uploads\/2021\/01\/mundo-aflora.jpg 767w, https:\/\/radiobutiabrasil.com\/wp-content\/uploads\/2021\/01\/mundo-aflora-225x300.jpg 225w, https:\/\/radiobutiabrasil.com\/wp-content\/uploads\/2021\/01\/mundo-aflora-416x555.jpg 416w\" sizes=\"auto, (max-width: 767px) 100vw, 767px\" \/><\/a>\n\t\t\t<\/div><\/figure>\n\t\t<\/div>\n\r\n<p>&nbsp;<\/p>\r\n<h4>Muita coisa acontece no cora\u00e7\u00e3o pulsante dessa vigorosa metr\u00f3pole! Come\u00e7amos o ano apresentando Sampa, como \u00e9 carinhosamente conhecida a capital do estado de S\u00e3o Paulo da regi\u00e3o sudeste do Brasil&#8230;<\/h4>\r\n<p>&nbsp;<\/p>\r\n<h4>S\u00e3o Paulo apresenta uma diversidade cultural poderosa, instigante, fruto de sua rica mistura, de suas infinitas sonoridades vindas do mundo todo.<\/h4>\r\n<p>&nbsp;<\/p>\r\n<h4>Nesse programa damos um super rol\u00ea pelas preciosas produ\u00e7\u00f5es dedicadas aos pequenos, vindas de variados cantos da cidade e de outros pontos do estado de S\u00e3o Paulo com a apresenta\u00e7\u00e3o de <strong>Alice Cresto<\/strong> e <strong>Caroline Casagrande<\/strong>.\u00a0<\/h4>\r\n<p>&nbsp;<\/p>\r\n<h4>Al\u00e9m dos nossos queridos e desbravadores Paulo Tatit e Sandra Peres com o Palavra Cantada, na capital paulistana temos muitos artistas criando para o p\u00fablico infantil e agradando a todas as idades:<\/h4>\r\n<p>&nbsp;<\/p>\r\n<h3><strong>M\u00e1rcio Coelho e Ana Favaretto,\u00a0 Angudad\u00e1, Gangorra, Paulo Bira, Bob Vieira, Madan, Mundo Aflora, Cid Campos, Solange S\u00e1, Tat\u00e1 Fernandes e algo mais! Boa escuta e um \u00f3timo 2021!<\/strong><\/h3>\r\n\n <div id=\"wrapperMI_0\" class=\"wrap-mjp nostop flip \" style=\"position: relative; padding:5px 0px 30px 0px; margin:0px; width:100%;\">\n\t<div style=\"display:none;\" class=\"Eabove-mjp\" id=\"Eabove-mjp_0\"><\/div>\n\t <div class=\"subwrap-MI\">\n\t\t <div class=\"jp-innerwrap\">\n\t\t\t <div class=\"innerx\"><\/div>\n\t\t\t <div class=\"innerleft\"><\/div>\n\t\t\t <div class=\"innerright\"><\/div>\n\t\t\t <div class=\"innertab\"><\/div>\n\t\t\t <div class=\"interface-mjp\" style=\"height:120px;\" id=\"interfaceMI_0\">\n\t\t\t\t <div class=\"MI-image Himg left-mjp\" id=\"MI_image_0\" style=\" width:auto; height:120px; overflow:false;\"><\/div>\n\t\t\t\t <div id=\"T_mp3j_0\" class=\"player-track-title right-mjp bold-mjp plain-mjp childNorm-mjp childItalic-mjp\" style=\"left:36px; right:36px;  top:30px;\"><\/div>\n\t\t\t\t <div class=\"bars_holder\">\n\t\t\t\t\t <div class=\"loadMI_mp3j\" id=\"load_mp3j_0\"><\/div>\n\t\t\t\t\t <div class=\"poscolMI_mp3j soften-mjp\" id=\"poscol_mp3j_0\"><\/div>\n\t\t\t\t\t <div class=\"posbarMI_mp3j\" id=\"posbar_mp3j_0\"><\/div>\n\t\t\t\t <\/div>\n\t\t\t\t <div id=\"P-Time-MI_0\" class=\"jp-play-time\"><\/div>\n\t\t\t\t <div id=\"T-Time-MI_0\" class=\"jp-total-time\"><\/div>\n\t\t\t\t <div id=\"statusMI_0\" class=\"statusMI\"><\/div>\n\t\t\t\t <div class=\"transport-MI\"><div class=\"play-mjp\" id=\"playpause_mp3j_0\">Play<\/div><div class=\"stop-mjp\" id=\"stop_mp3j_0\">Stop<\/div><div class=\"next-mjp\" id=\"Next_mp3j_0\">Next&raquo;<\/div><div class=\"prev-mjp\" id=\"Prev_mp3j_0\">&laquo;Prev<\/div><\/div>\n\t\t\t\t <div class=\"buttons-wrap-mjp\" id=\"buttons-wrap-mjp_0\">\n\t\t\t\t\t <div class=\"playlist-toggle-MI\" id=\"playlist-toggle_0\">HIDE PLAYLIST<\/div>\n\t\t\t\t\t <div class=\"mp3j-popout-MI\" id=\"lpp_mp3j_0\" style=\"display:none;\"><\/div>\n\t\t\t\t\t \n\t\t\t\t <\/div>\n\t\t\t <\/div>\n\t\t\t <div class=\"mjp-volwrap\">\n\t\t\t\t <div class=\"MIsliderVolume\" id=\"vol_mp3j_0\"><\/div>\n\t\t\t\t <div class=\"innerExt1\" id=\"innerExt1_0\"><\/div>\n\t\t\t\t <div class=\"innerExt2\" id=\"innerExt2_0\"><\/div>\n\t\t\t <\/div>\n\t\t <\/div>\n\t\t <div style=\"display:none;\" class=\"Ebetween-mjp\" id=\"Ebetween-mjp_0\"><\/div>\n\t\t <div class=\"listwrap_mp3j\" id=\"L_mp3j_0\"><div class=\"wrapper-mjp\"><div class=\"playlist-colour\"><\/div><div class=\"wrapper-mjp\"><ul class=\"ul-mjp childNorm-mjp childPlain-mjp left-mjp\" id=\"UL_mp3j_0\"><li><\/li><\/ul><\/div><\/div><\/div>\n\t <\/div>\n\t <div id=\"mp3j_finfo_0\" class=\"mp3j-finfo\" style=\"display:none;\"><div class=\"mp3j-finfo-sleeve\"><div id=\"mp3j_finfo_gif_0\" class=\"mp3j-finfo-gif\"><\/div><div id=\"mp3j_finfo_txt_0\" class=\"mp3j-finfo-txt\"><\/div><div class=\"mp3j-finfo-close\" id=\"mp3j_finfo_close_0\">X<\/div><\/div><\/div><div id=\"mp3j_dlf_0\" class=\"mp3j-dlframe\" style=\"display:none;\"><\/div>\n\t <div class=\"mp3j-nosolution\" id=\"mp3j_nosolution_0\" style=\"display:none;\"><\/div>\n\t <div style=\"display:none;\" class=\"Ebelow-mjp\" id=\"Ebelow-mjp_0\"><\/div>\n <\/div> \n<script>\nMP3jPLAYLISTS.MI_0 = [\n\t{ name: \"Duku Duku\", formats: [\"wav\"], mp3: \"aHR0cHM6Ly9yYWRpb2J1dGlhYnJhc2lsLmNvbS93cC1jb250ZW50L3VwbG9hZHMvMjAyMS8wMS9CbG9jby0xLndhdg==\", counterpart:\"\", artist: \"Marlui Miranda\", image: \"false\", imgurl: \"\" },\n\t{ name: \"Curuminzada\", formats: [\"wav\"], mp3: \"aHR0cHM6Ly9yYWRpb2J1dGlhYnJhc2lsLmNvbS93cC1jb250ZW50L3VwbG9hZHMvMjAyMS8wMS9CbG9jby0yLndhdg==\", counterpart:\"\", artist: \"M\u00e1rcio Coelho e Ana Favaretto\", image: \"false\", imgurl: \"\" },\n\t{ name: \"Corda Toda\", formats: [\"wav\"], mp3: \"aHR0cHM6Ly9yYWRpb2J1dGlhYnJhc2lsLmNvbS93cC1jb250ZW50L3VwbG9hZHMvMjAyMS8wMS9CbG9jby0zLndhdg==\", counterpart:\"\", artist: \"Gangorra\", image: \"false\", imgurl: \"\" },\n\t{ name: \"Zool\u00f3gico, Escravos de J\u00f3 e A moda do sapo\", formats: [\"wav\"], mp3: \"aHR0cHM6Ly9yYWRpb2J1dGlhYnJhc2lsLmNvbS93cC1jb250ZW50L3VwbG9hZHMvMjAyMS8wMS9CbG9jby00Lndhdg==\", counterpart:\"\", artist: \"Bob Vieira, Paulo Freire e Angudad\u00e1\", image: \"false\", imgurl: \"\" },\n\t{ name: \"On\u00e7a Pintada e Crian\u00e7a Crion\u00e7a\", formats: [\"wav\"], mp3: \"aHR0cHM6Ly9yYWRpb2J1dGlhYnJhc2lsLmNvbS93cC1jb250ZW50L3VwbG9hZHMvMjAyMS8wMS9CbG9jby01Lndhdg==\", counterpart:\"\", artist: \"Banda Mirim e Cid Campos\", image: \"false\", imgurl: \"\" },\n\t{ name: \"Gato da China, Acho que ouvi o som da chuva e Lorota\", formats: [\"wav\"], mp3: \"aHR0cHM6Ly9yYWRpb2J1dGlhYnJhc2lsLmNvbS93cC1jb250ZW50L3VwbG9hZHMvMjAyMS8wMS9CbG9jby02Lndhdg==\", counterpart:\"\", artist: \"Madan, Mundo Aflora e Tiquequ\u00ea\", image: \"false\", imgurl: \"\" },\n\t{ name: \"Tamandu\u00e1-Bandeira\", formats: [\"wav\"], mp3: \"aHR0cHM6Ly9yYWRpb2J1dGlhYnJhc2lsLmNvbS93cC1jb250ZW50L3VwbG9hZHMvMjAyMS8wMS9CbG9jby03Lndhdg==\", counterpart:\"\", artist: \"Paulo Bira\", image: \"false\", imgurl: \"\" },\n\t{ name: \"Camale\u00e3o, Rupe Tx\u00e1 e Rock do Piolho\", formats: [\"wav\"], mp3: \"aHR0cHM6Ly9yYWRpb2J1dGlhYnJhc2lsLmNvbS93cC1jb250ZW50L3VwbG9hZHMvMjAyMS8wMS9CbG9jby04Lndhdg==\", counterpart:\"\", artist: \"Paulo Tatit e Sandra Peres, \u00cdndias Juruna e Solange S\u00e1\", image: \"false\", imgurl: \"\" }\n];\n<\/script>\n\n<script>MP3jPLAYERS[0] = { list:MP3jPLAYLISTS.MI_0, tr:0, type:'MI', lstate:true, loop:false, play_txt:'Play', pause_txt:'Pause', pp_title:'Radio Buti\u00e1 Brasil', autoplay:true, download:false, vol:100, height:120, cssclass:'nostop flip ', popout_css:{ enabled:true, \t\t\tcolours: [\"#f0f0f0\", \"rgba(0, 0, 0, 0.18)\", \"rgba(167, 167, 167, 0.55)\", \"rgba(49, 49, 49, 0.64)\", \"rgba(0, 180, 37, 0.91)\", \"#d3d3d3\", \"#d8d8d8\", \"#3d3232\", \"#262120\", \"#262120\", \"#11912b\", \"\/\", 400, 600 ],\n\t\t\tcssInterface: { \"color\": \"#3d3232\" },\n\t\t\tcssTitle: { \"left\": \"36px\", \"right\":\"36px\", \"top\":\"30px\" },\n\t\t\tcssImage: { \"overflow\": \"false\", \"width\":\"auto\", \"height\":\"120px\"  },\n\t\t\tcssFontSize: { \"title\": \"22px\", \"caption\": \"15.4px\", \"list\": \"18px\" },\n\t\t\tclasses: { interface:'', title:' right-mjp bold-mjp plain-mjp childNorm-mjp childItalic-mjp', image:' Himg left-mjp', poscol:' soften-mjp', ul:' childNorm-mjp childPlain-mjp left-mjp' }} };<\/script>\n\n\r\n<h3>Sampa pras crian\u00e7as oferece uma can\u00e7\u00e3o de ninar do grupo Angudad\u00e1 e o making of do CD Corda Toda do Grupo Gangorra&#8230;<\/h3>\r\n<!--[if lt IE 9]><script>document.createElement('video');<\/script><![endif]-->\n\t<div class=\"wp-playlist wp-video-playlist wp-playlist-light\">\n\t\t<video controls=\"controls\" preload=\"none\" width=\"958\"\n\t\t height=\"539\"\t><\/video>\n\t<div class=\"wp-playlist-next\"><\/div>\n\t<div class=\"wp-playlist-prev\"><\/div>\n\t<noscript>\n\t<ol>\n\t\t<li><a href='https:\/\/radiobutiabrasil.com\/wp-content\/uploads\/2020\/12\/O-Som-da-Noite-Angudada-.mp4'>O som da noite - Angudad\u00e1<\/a><\/li><li><a href='https:\/\/radiobutiabrasil.com\/wp-content\/uploads\/2020\/12\/Making-of-CD-Com-a-corda-toda-Gangorra-Selo-Sesc.mp4'>Making of CD Com a corda toda Gangorra Selo Sesc<\/a><\/li>\t<\/ol>\n\t<\/noscript>\n\t<script type=\"application\/json\" class=\"wp-playlist-script\">{\"type\":\"video\",\"tracklist\":true,\"tracknumbers\":true,\"images\":true,\"artists\":true,\"tracks\":[{\"src\":\"https:\\\/\\\/radiobutiabrasil.com\\\/wp-content\\\/uploads\\\/2020\\\/12\\\/O-Som-da-Noite-Angudada-.mp4\",\"type\":\"video\\\/mp4\",\"title\":\"O som da noite - Angudad\\u00e1\",\"caption\":\"\",\"description\":\"\",\"meta\":{\"length_formatted\":\"3:26\"},\"dimensions\":{\"original\":{\"width\":1920,\"height\":1080},\"resized\":{\"width\":958,\"height\":539}},\"image\":{\"src\":\"https:\\\/\\\/radiobutiabrasil.com\\\/wp-includes\\\/images\\\/media\\\/video.svg\",\"width\":48,\"height\":64},\"thumb\":{\"src\":\"https:\\\/\\\/radiobutiabrasil.com\\\/wp-includes\\\/images\\\/media\\\/video.svg\",\"width\":48,\"height\":64}},{\"src\":\"https:\\\/\\\/radiobutiabrasil.com\\\/wp-content\\\/uploads\\\/2020\\\/12\\\/Making-of-CD-Com-a-corda-toda-Gangorra-Selo-Sesc.mp4\",\"type\":\"video\\\/mp4\",\"title\":\"Making of CD Com a corda toda Gangorra Selo Sesc\",\"caption\":\"\",\"description\":\"\",\"meta\":{\"length_formatted\":\"4:47\"},\"dimensions\":{\"original\":{\"width\":1280,\"height\":720},\"resized\":{\"width\":958,\"height\":539}},\"image\":{\"src\":\"https:\\\/\\\/radiobutiabrasil.com\\\/wp-includes\\\/images\\\/media\\\/video.svg\",\"width\":48,\"height\":64},\"thumb\":{\"src\":\"https:\\\/\\\/radiobutiabrasil.com\\\/wp-includes\\\/images\\\/media\\\/video.svg\",\"width\":48,\"height\":64}}]}<\/script>\n<\/div>\n\t\r\n<p>&nbsp;<\/p>\r\n<p>&nbsp;<\/p>","protected":false},"excerpt":{"rendered":"<p>&nbsp; Muita coisa acontece no cora\u00e7\u00e3o pulsante dessa vigorosa metr\u00f3pole! Come\u00e7amos o ano apresentando Sampa, como \u00e9 carinhosamente conhecida a capital do estado de S\u00e3o Paulo da regi\u00e3o sudeste do Brasil&#8230; &nbsp; S\u00e3o Paulo apresenta uma diversidade cultural poderosa, instigante, fruto de sua rica mistura, de suas infinitas sonoridades vindas do mundo todo. &nbsp; Nesse [&hellip;]<\/p>\n","protected":false},"author":9,"featured_media":9412,"comment_status":"closed","ping_status":"closed","sticky":false,"template":"","format":"standard","meta":{"_coblocks_attr":"","_coblocks_dimensions":"","_coblocks_responsive_height":"","_coblocks_accordion_ie_support":"","_uag_custom_page_level_css":"","footnotes":""},"categories":[25],"tags":[],"class_list":["post-9357","post","type-post","status-publish","format-standard","has-post-thumbnail","hentry","category-programas"],"yoast_head":"<!-- This site is optimized with the Yoast SEO plugin v26.6 - https:\/\/yoast.com\/wordpress\/plugins\/seo\/ -->\n<title>Sampa pra crian\u00e7as! - Radio Buti\u00e1 Brasil<\/title>\n<meta name=\"robots\" content=\"index, follow, max-snippet:-1, max-image-preview:large, max-video-preview:-1\" \/>\n<link rel=\"canonical\" href=\"https:\/\/radiobutiabrasil.com\/?p=9357\" \/>\n<meta property=\"og:locale\" content=\"pt_BR\" \/>\n<meta property=\"og:type\" content=\"article\" \/>\n<meta property=\"og:title\" content=\"Sampa pra crian\u00e7as! - Radio Buti\u00e1 Brasil\" \/>\n<meta property=\"og:description\" content=\"&nbsp; Muita coisa acontece no cora\u00e7\u00e3o pulsante dessa vigorosa metr\u00f3pole! Come\u00e7amos o ano apresentando Sampa, como \u00e9 carinhosamente conhecida a capital do estado de S\u00e3o Paulo da regi\u00e3o sudeste do Brasil&#8230; &nbsp; S\u00e3o Paulo apresenta uma diversidade cultural poderosa, instigante, fruto de sua rica mistura, de suas infinitas sonoridades vindas do mundo todo. &nbsp; Nesse [&hellip;]\" \/>\n<meta property=\"og:url\" content=\"https:\/\/radiobutiabrasil.com\/?p=9357\" \/>\n<meta property=\"og:site_name\" content=\"Radio Buti\u00e1 Brasil\" \/>\n<meta property=\"article:published_time\" content=\"2021-01-09T22:53:52+00:00\" \/>\n<meta property=\"article:modified_time\" content=\"2021-01-16T16:38:51+00:00\" \/>\n<meta property=\"og:image\" content=\"https:\/\/radiobutiabrasil.com\/wp-content\/uploads\/2021\/01\/mundo-aflora.jpg\" \/>\n\t<meta property=\"og:image:width\" content=\"767\" \/>\n\t<meta property=\"og:image:height\" content=\"1024\" \/>\n\t<meta property=\"og:image:type\" content=\"image\/jpeg\" \/>\n<meta name=\"author\" content=\"caroline casagrande\" \/>\n<meta name=\"twitter:card\" content=\"summary_large_image\" \/>\n<meta name=\"twitter:label1\" content=\"Escrito por\" \/>\n\t<meta name=\"twitter:data1\" content=\"caroline casagrande\" \/>\n\t<meta name=\"twitter:label2\" content=\"Est. tempo de leitura\" \/>\n\t<meta name=\"twitter:data2\" content=\"1 minuto\" \/>\n<script type=\"application\/ld+json\" class=\"yoast-schema-graph\">{\"@context\":\"https:\/\/schema.org\",\"@graph\":[{\"@type\":\"WebPage\",\"@id\":\"https:\/\/radiobutiabrasil.com\/?p=9357\",\"url\":\"https:\/\/radiobutiabrasil.com\/?p=9357\",\"name\":\"Sampa pra crian\u00e7as! - Radio Buti\u00e1 Brasil\",\"isPartOf\":{\"@id\":\"https:\/\/radiobutiabrasil.com\/#website\"},\"primaryImageOfPage\":{\"@id\":\"https:\/\/radiobutiabrasil.com\/?p=9357#primaryimage\"},\"image\":{\"@id\":\"https:\/\/radiobutiabrasil.com\/?p=9357#primaryimage\"},\"thumbnailUrl\":\"https:\/\/radiobutiabrasil.com\/wp-content\/uploads\/2021\/01\/mundo-aflora.jpg\",\"datePublished\":\"2021-01-09T22:53:52+00:00\",\"dateModified\":\"2021-01-16T16:38:51+00:00\",\"author\":{\"@id\":\"https:\/\/radiobutiabrasil.com\/#\/schema\/person\/04c548d3de548f242641a8020b3ade84\"},\"breadcrumb\":{\"@id\":\"https:\/\/radiobutiabrasil.com\/?p=9357#breadcrumb\"},\"inLanguage\":\"pt-BR\",\"potentialAction\":[{\"@type\":\"ReadAction\",\"target\":[\"https:\/\/radiobutiabrasil.com\/?p=9357\"]}]},{\"@type\":\"ImageObject\",\"inLanguage\":\"pt-BR\",\"@id\":\"https:\/\/radiobutiabrasil.com\/?p=9357#primaryimage\",\"url\":\"https:\/\/radiobutiabrasil.com\/wp-content\/uploads\/2021\/01\/mundo-aflora.jpg\",\"contentUrl\":\"https:\/\/radiobutiabrasil.com\/wp-content\/uploads\/2021\/01\/mundo-aflora.jpg\",\"width\":767,\"height\":1024},{\"@type\":\"BreadcrumbList\",\"@id\":\"https:\/\/radiobutiabrasil.com\/?p=9357#breadcrumb\",\"itemListElement\":[{\"@type\":\"ListItem\",\"position\":1,\"name\":\"Portada\",\"item\":\"https:\/\/radiobutiabrasil.com\/\"},{\"@type\":\"ListItem\",\"position\":2,\"name\":\"Sampa pra crian\u00e7as!\"}]},{\"@type\":\"WebSite\",\"@id\":\"https:\/\/radiobutiabrasil.com\/#website\",\"url\":\"https:\/\/radiobutiabrasil.com\/\",\"name\":\"Radio Buti\u00e1 Brasil\",\"description\":\"a boa m\u00fasica pra toda a vida\",\"potentialAction\":[{\"@type\":\"SearchAction\",\"target\":{\"@type\":\"EntryPoint\",\"urlTemplate\":\"https:\/\/radiobutiabrasil.com\/?s={search_term_string}\"},\"query-input\":{\"@type\":\"PropertyValueSpecification\",\"valueRequired\":true,\"valueName\":\"search_term_string\"}}],\"inLanguage\":\"pt-BR\"},{\"@type\":\"Person\",\"@id\":\"https:\/\/radiobutiabrasil.com\/#\/schema\/person\/04c548d3de548f242641a8020b3ade84\",\"name\":\"caroline casagrande\",\"image\":{\"@type\":\"ImageObject\",\"inLanguage\":\"pt-BR\",\"@id\":\"https:\/\/radiobutiabrasil.com\/#\/schema\/person\/image\/\",\"url\":\"https:\/\/secure.gravatar.com\/avatar\/abc72c2d5c80890d6d1736b431679681?s=96&d=mm&r=g\",\"contentUrl\":\"https:\/\/secure.gravatar.com\/avatar\/abc72c2d5c80890d6d1736b431679681?s=96&d=mm&r=g\",\"caption\":\"caroline casagrande\"},\"url\":\"https:\/\/radiobutiabrasil.com\/?author=9\"}]}<\/script>\n<!-- \/ Yoast SEO plugin. -->","yoast_head_json":{"title":"Sampa pra crian\u00e7as! - Radio Buti\u00e1 Brasil","robots":{"index":"index","follow":"follow","max-snippet":"max-snippet:-1","max-image-preview":"max-image-preview:large","max-video-preview":"max-video-preview:-1"},"canonical":"https:\/\/radiobutiabrasil.com\/?p=9357","og_locale":"pt_BR","og_type":"article","og_title":"Sampa pra crian\u00e7as! - Radio Buti\u00e1 Brasil","og_description":"&nbsp; Muita coisa acontece no cora\u00e7\u00e3o pulsante dessa vigorosa metr\u00f3pole! Come\u00e7amos o ano apresentando Sampa, como \u00e9 carinhosamente conhecida a capital do estado de S\u00e3o Paulo da regi\u00e3o sudeste do Brasil&#8230; &nbsp; S\u00e3o Paulo apresenta uma diversidade cultural poderosa, instigante, fruto de sua rica mistura, de suas infinitas sonoridades vindas do mundo todo. &nbsp; Nesse [&hellip;]","og_url":"https:\/\/radiobutiabrasil.com\/?p=9357","og_site_name":"Radio Buti\u00e1 Brasil","article_published_time":"2021-01-09T22:53:52+00:00","article_modified_time":"2021-01-16T16:38:51+00:00","og_image":[{"width":767,"height":1024,"url":"https:\/\/radiobutiabrasil.com\/wp-content\/uploads\/2021\/01\/mundo-aflora.jpg","type":"image\/jpeg"}],"author":"caroline casagrande","twitter_card":"summary_large_image","twitter_misc":{"Escrito por":"caroline casagrande","Est. tempo de leitura":"1 minuto"},"schema":{"@context":"https:\/\/schema.org","@graph":[{"@type":"WebPage","@id":"https:\/\/radiobutiabrasil.com\/?p=9357","url":"https:\/\/radiobutiabrasil.com\/?p=9357","name":"Sampa pra crian\u00e7as! - Radio Buti\u00e1 Brasil","isPartOf":{"@id":"https:\/\/radiobutiabrasil.com\/#website"},"primaryImageOfPage":{"@id":"https:\/\/radiobutiabrasil.com\/?p=9357#primaryimage"},"image":{"@id":"https:\/\/radiobutiabrasil.com\/?p=9357#primaryimage"},"thumbnailUrl":"https:\/\/radiobutiabrasil.com\/wp-content\/uploads\/2021\/01\/mundo-aflora.jpg","datePublished":"2021-01-09T22:53:52+00:00","dateModified":"2021-01-16T16:38:51+00:00","author":{"@id":"https:\/\/radiobutiabrasil.com\/#\/schema\/person\/04c548d3de548f242641a8020b3ade84"},"breadcrumb":{"@id":"https:\/\/radiobutiabrasil.com\/?p=9357#breadcrumb"},"inLanguage":"pt-BR","potentialAction":[{"@type":"ReadAction","target":["https:\/\/radiobutiabrasil.com\/?p=9357"]}]},{"@type":"ImageObject","inLanguage":"pt-BR","@id":"https:\/\/radiobutiabrasil.com\/?p=9357#primaryimage","url":"https:\/\/radiobutiabrasil.com\/wp-content\/uploads\/2021\/01\/mundo-aflora.jpg","contentUrl":"https:\/\/radiobutiabrasil.com\/wp-content\/uploads\/2021\/01\/mundo-aflora.jpg","width":767,"height":1024},{"@type":"BreadcrumbList","@id":"https:\/\/radiobutiabrasil.com\/?p=9357#breadcrumb","itemListElement":[{"@type":"ListItem","position":1,"name":"Portada","item":"https:\/\/radiobutiabrasil.com\/"},{"@type":"ListItem","position":2,"name":"Sampa pra crian\u00e7as!"}]},{"@type":"WebSite","@id":"https:\/\/radiobutiabrasil.com\/#website","url":"https:\/\/radiobutiabrasil.com\/","name":"Radio Buti\u00e1 Brasil","description":"a boa m\u00fasica pra toda a vida","potentialAction":[{"@type":"SearchAction","target":{"@type":"EntryPoint","urlTemplate":"https:\/\/radiobutiabrasil.com\/?s={search_term_string}"},"query-input":{"@type":"PropertyValueSpecification","valueRequired":true,"valueName":"search_term_string"}}],"inLanguage":"pt-BR"},{"@type":"Person","@id":"https:\/\/radiobutiabrasil.com\/#\/schema\/person\/04c548d3de548f242641a8020b3ade84","name":"caroline casagrande","image":{"@type":"ImageObject","inLanguage":"pt-BR","@id":"https:\/\/radiobutiabrasil.com\/#\/schema\/person\/image\/","url":"https:\/\/secure.gravatar.com\/avatar\/abc72c2d5c80890d6d1736b431679681?s=96&d=mm&r=g","contentUrl":"https:\/\/secure.gravatar.com\/avatar\/abc72c2d5c80890d6d1736b431679681?s=96&d=mm&r=g","caption":"caroline casagrande"},"url":"https:\/\/radiobutiabrasil.com\/?author=9"}]}},"uagb_featured_image_src":{"full":["https:\/\/radiobutiabrasil.com\/wp-content\/uploads\/2021\/01\/mundo-aflora.jpg",767,1024,false],"thumbnail":["https:\/\/radiobutiabrasil.com\/wp-content\/uploads\/2021\/01\/mundo-aflora-150x150.jpg",150,150,true],"medium":["https:\/\/radiobutiabrasil.com\/wp-content\/uploads\/2021\/01\/mundo-aflora-225x300.jpg",225,300,true],"medium_large":["https:\/\/radiobutiabrasil.com\/wp-content\/uploads\/2021\/01\/mundo-aflora.jpg",767,1024,false],"large":["https:\/\/radiobutiabrasil.com\/wp-content\/uploads\/2021\/01\/mundo-aflora.jpg",767,1024,false],"1536x1536":["https:\/\/radiobutiabrasil.com\/wp-content\/uploads\/2021\/01\/mundo-aflora.jpg",767,1024,false],"2048x2048":["https:\/\/radiobutiabrasil.com\/wp-content\/uploads\/2021\/01\/mundo-aflora.jpg",767,1024,false],"woocommerce_thumbnail":["https:\/\/radiobutiabrasil.com\/wp-content\/uploads\/2021\/01\/mundo-aflora-324x324.jpg",324,324,true],"woocommerce_single":["https:\/\/radiobutiabrasil.com\/wp-content\/uploads\/2021\/01\/mundo-aflora-416x555.jpg",416,555,true],"woocommerce_gallery_thumbnail":["https:\/\/radiobutiabrasil.com\/wp-content\/uploads\/2021\/01\/mundo-aflora-100x100.jpg",100,100,true]},"uagb_author_info":{"display_name":"caroline casagrande","author_link":"https:\/\/radiobutiabrasil.com\/?author=9"},"uagb_comment_info":0,"uagb_excerpt":"&nbsp; Muita coisa acontece no cora\u00e7\u00e3o pulsante dessa vigorosa metr\u00f3pole! Come\u00e7amos o ano apresentando Sampa, como \u00e9 carinhosamente conhecida a capital do estado de S\u00e3o Paulo da regi\u00e3o sudeste do Brasil&#8230; &nbsp; S\u00e3o Paulo apresenta uma diversidade cultural poderosa, instigante, fruto de sua rica mistura, de suas infinitas sonoridades vindas do mundo todo. &nbsp; Nesse&hellip;","_links":{"self":[{"href":"https:\/\/radiobutiabrasil.com\/index.php?rest_route=\/wp\/v2\/posts\/9357","targetHints":{"allow":["GET"]}}],"collection":[{"href":"https:\/\/radiobutiabrasil.com\/index.php?rest_route=\/wp\/v2\/posts"}],"about":[{"href":"https:\/\/radiobutiabrasil.com\/index.php?rest_route=\/wp\/v2\/types\/post"}],"author":[{"embeddable":true,"href":"https:\/\/radiobutiabrasil.com\/index.php?rest_route=\/wp\/v2\/users\/9"}],"replies":[{"embeddable":true,"href":"https:\/\/radiobutiabrasil.com\/index.php?rest_route=%2Fwp%2Fv2%2Fcomments&post=9357"}],"version-history":[{"count":11,"href":"https:\/\/radiobutiabrasil.com\/index.php?rest_route=\/wp\/v2\/posts\/9357\/revisions"}],"predecessor-version":[{"id":9418,"href":"https:\/\/radiobutiabrasil.com\/index.php?rest_route=\/wp\/v2\/posts\/9357\/revisions\/9418"}],"wp:featuredmedia":[{"embeddable":true,"href":"https:\/\/radiobutiabrasil.com\/index.php?rest_route=\/wp\/v2\/media\/9412"}],"wp:attachment":[{"href":"https:\/\/radiobutiabrasil.com\/index.php?rest_route=%2Fwp%2Fv2%2Fmedia&parent=9357"}],"wp:term":[{"taxonomy":"category","embeddable":true,"href":"https:\/\/radiobutiabrasil.com\/index.php?rest_route=%2Fwp%2Fv2%2Fcategories&post=9357"},{"taxonomy":"post_tag","embeddable":true,"href":"https:\/\/radiobutiabrasil.com\/index.php?rest_route=%2Fwp%2Fv2%2Ftags&post=9357"}],"curies":[{"name":"wp","href":"https:\/\/api.w.org\/{rel}","templated":true}]}}