{"id":9476,"date":"2021-07-09T21:00:20","date_gmt":"2021-07-09T21:00:20","guid":{"rendered":"https:\/\/radiobutiabrasil.com\/?p=9476"},"modified":"2021-07-09T21:00:22","modified_gmt":"2021-07-09T21:00:22","slug":"a-radio-butia-brasil-convida-voce-para-a-live-de-lancamento-do-programa-proxima-parada-para","status":"publish","type":"post","link":"https:\/\/radiobutiabrasil.com\/?p=9476","title":{"rendered":"A R\u00e1dio Buti\u00e1 Brasil convida voc\u00ea para a LIVE de lan\u00e7amento do programa Pr\u00f3xima parada: Par\u00e1!"},"content":{"rendered":"<div class=\"wp-block-columns is-layout-flex wp-container-core-columns-is-layout-1 wp-block-columns-is-layout-flex\"><div class=\"wp-block-column is-layout-flow wp-block-column-is-layout-flow\" style=\"flex-basis:33.33%\"><figure class=\"wp-block-image size-large\"><img loading=\"lazy\" decoding=\"async\" width=\"1024\" height=\"1024\" src=\"https:\/\/radiobutiabrasil.com\/wp-content\/uploads\/2021\/07\/WhatsApp-Image-2021-07-09-at-10.36.48-1024x1024.jpeg\" alt=\"\" class=\"wp-image-9475\" srcset=\"https:\/\/radiobutiabrasil.com\/wp-content\/uploads\/2021\/07\/WhatsApp-Image-2021-07-09-at-10.36.48-1024x1024.jpeg 1024w, https:\/\/radiobutiabrasil.com\/wp-content\/uploads\/2021\/07\/WhatsApp-Image-2021-07-09-at-10.36.48-300x300.jpeg 300w, https:\/\/radiobutiabrasil.com\/wp-content\/uploads\/2021\/07\/WhatsApp-Image-2021-07-09-at-10.36.48-150x150.jpeg 150w, https:\/\/radiobutiabrasil.com\/wp-content\/uploads\/2021\/07\/WhatsApp-Image-2021-07-09-at-10.36.48-768x768.jpeg 768w, https:\/\/radiobutiabrasil.com\/wp-content\/uploads\/2021\/07\/WhatsApp-Image-2021-07-09-at-10.36.48-324x324.jpeg 324w, https:\/\/radiobutiabrasil.com\/wp-content\/uploads\/2021\/07\/WhatsApp-Image-2021-07-09-at-10.36.48-416x416.jpeg 416w, https:\/\/radiobutiabrasil.com\/wp-content\/uploads\/2021\/07\/WhatsApp-Image-2021-07-09-at-10.36.48-100x100.jpeg 100w, https:\/\/radiobutiabrasil.com\/wp-content\/uploads\/2021\/07\/WhatsApp-Image-2021-07-09-at-10.36.48.jpeg 1080w\" sizes=\"auto, (max-width: 1024px) 100vw, 1024px\" \/><\/figure><\/div>\n\n<div class=\"wp-block-column is-layout-flow wp-block-column-is-layout-flow\" style=\"flex-basis:66.66%\"><p><strong>A R\u00e1dio Buti\u00e1 Brasil convida voc\u00ea para a LIVE de lan\u00e7amento do programa Pr\u00f3xima parada: Par\u00e1!<\/strong><br>Depois de percorrer pela m\u00fasica infantil produzida hoje em cinco capitais brasileiras, chegamos com muita felicidade \u00e0 regi\u00e3o Norte do pa\u00eds: Bel\u00e9m do Par\u00e1!<br>E olha s\u00f3 quem vem com a gente: Heliana Barriga, Salom\u00e3o Habib, Ester S\u00e1, Alice S\u00e1, Renato Torres e Carol Magno, Andr\u00e9 Moura e Leonel Ferreira!<br>As m\u00fasicas e as hist\u00f3rias para as crian\u00e7as de todas as idades estar\u00e3o reunidas neste encontro no dia 10 de julho, 16h, no instagram @mundo.butia<br>E o programa ir\u00e1 ao ar dia 10 de julho, 10h atrav\u00e9s da https:\/\/radiobutiabrasil.com\/<br>Esperamos voc\u00eas!<\/p><\/div><\/div>","protected":false},"excerpt":{"rendered":"<p>A R\u00e1dio Buti\u00e1 Brasil convida voc\u00ea para a LIVE de lan\u00e7amento do programa Pr\u00f3xima parada: Par\u00e1!Depois de percorrer pela m\u00fasica infantil produzida hoje em cinco capitais brasileiras, chegamos com muita felicidade \u00e0 regi\u00e3o Norte do pa\u00eds: Bel\u00e9m do Par\u00e1!E olha s\u00f3 quem vem com a gente: Heliana Barriga, Salom\u00e3o Habib, Ester S\u00e1, Alice S\u00e1, Renato [&hellip;]<\/p>\n","protected":false},"author":26,"featured_media":9475,"comment_status":"closed","ping_status":"closed","sticky":false,"template":"","format":"standard","meta":{"_coblocks_attr":"","_coblocks_dimensions":"","_coblocks_responsive_height":"","_coblocks_accordion_ie_support":"","_uag_custom_page_level_css":"","footnotes":""},"categories":[23],"tags":[],"class_list":["post-9476","post","type-post","status-publish","format-standard","has-post-thumbnail","hentry","category-noticias"],"yoast_head":"<!-- This site is optimized with the Yoast SEO plugin v26.6 - https:\/\/yoast.com\/wordpress\/plugins\/seo\/ -->\n<title>A R\u00e1dio Buti\u00e1 Brasil convida voc\u00ea para a LIVE de lan\u00e7amento do programa Pr\u00f3xima parada: Par\u00e1! - Radio Buti\u00e1 Brasil<\/title>\n<meta name=\"robots\" content=\"index, follow, max-snippet:-1, max-image-preview:large, max-video-preview:-1\" \/>\n<link rel=\"canonical\" href=\"https:\/\/radiobutiabrasil.com\/?p=9476\" \/>\n<meta property=\"og:locale\" content=\"pt_BR\" \/>\n<meta property=\"og:type\" content=\"article\" \/>\n<meta property=\"og:title\" content=\"A R\u00e1dio Buti\u00e1 Brasil convida voc\u00ea para a LIVE de lan\u00e7amento do programa Pr\u00f3xima parada: Par\u00e1! - Radio Buti\u00e1 Brasil\" \/>\n<meta property=\"og:description\" content=\"A R\u00e1dio Buti\u00e1 Brasil convida voc\u00ea para a LIVE de lan\u00e7amento do programa Pr\u00f3xima parada: Par\u00e1!Depois de percorrer pela m\u00fasica infantil produzida hoje em cinco capitais brasileiras, chegamos com muita felicidade \u00e0 regi\u00e3o Norte do pa\u00eds: Bel\u00e9m do Par\u00e1!E olha s\u00f3 quem vem com a gente: Heliana Barriga, Salom\u00e3o Habib, Ester S\u00e1, Alice S\u00e1, Renato [&hellip;]\" \/>\n<meta property=\"og:url\" content=\"https:\/\/radiobutiabrasil.com\/?p=9476\" \/>\n<meta property=\"og:site_name\" content=\"Radio Buti\u00e1 Brasil\" \/>\n<meta property=\"article:published_time\" content=\"2021-07-09T21:00:20+00:00\" \/>\n<meta property=\"article:modified_time\" content=\"2021-07-09T21:00:22+00:00\" \/>\n<meta property=\"og:image\" content=\"https:\/\/radiobutiabrasil.com\/wp-content\/uploads\/2021\/07\/WhatsApp-Image-2021-07-09-at-10.36.48.jpeg\" \/>\n\t<meta property=\"og:image:width\" content=\"1080\" \/>\n\t<meta property=\"og:image:height\" content=\"1080\" \/>\n\t<meta property=\"og:image:type\" content=\"image\/jpeg\" \/>\n<meta name=\"author\" content=\"Radio Butia Brasil\" \/>\n<meta name=\"twitter:card\" content=\"summary_large_image\" \/>\n<meta name=\"twitter:label1\" content=\"Escrito por\" \/>\n\t<meta name=\"twitter:data1\" content=\"Radio Butia Brasil\" \/>\n\t<meta name=\"twitter:label2\" content=\"Est. tempo de leitura\" \/>\n\t<meta name=\"twitter:data2\" content=\"1 minuto\" \/>\n<script type=\"application\/ld+json\" class=\"yoast-schema-graph\">{\"@context\":\"https:\/\/schema.org\",\"@graph\":[{\"@type\":\"WebPage\",\"@id\":\"https:\/\/radiobutiabrasil.com\/?p=9476\",\"url\":\"https:\/\/radiobutiabrasil.com\/?p=9476\",\"name\":\"A R\u00e1dio Buti\u00e1 Brasil convida voc\u00ea para a LIVE de lan\u00e7amento do programa Pr\u00f3xima parada: Par\u00e1! - Radio Buti\u00e1 Brasil\",\"isPartOf\":{\"@id\":\"https:\/\/radiobutiabrasil.com\/#website\"},\"primaryImageOfPage\":{\"@id\":\"https:\/\/radiobutiabrasil.com\/?p=9476#primaryimage\"},\"image\":{\"@id\":\"https:\/\/radiobutiabrasil.com\/?p=9476#primaryimage\"},\"thumbnailUrl\":\"https:\/\/radiobutiabrasil.com\/wp-content\/uploads\/2021\/07\/WhatsApp-Image-2021-07-09-at-10.36.48.jpeg\",\"datePublished\":\"2021-07-09T21:00:20+00:00\",\"dateModified\":\"2021-07-09T21:00:22+00:00\",\"author\":{\"@id\":\"https:\/\/radiobutiabrasil.com\/#\/schema\/person\/a8396da749a184716801a5211b949934\"},\"breadcrumb\":{\"@id\":\"https:\/\/radiobutiabrasil.com\/?p=9476#breadcrumb\"},\"inLanguage\":\"pt-BR\",\"potentialAction\":[{\"@type\":\"ReadAction\",\"target\":[\"https:\/\/radiobutiabrasil.com\/?p=9476\"]}]},{\"@type\":\"ImageObject\",\"inLanguage\":\"pt-BR\",\"@id\":\"https:\/\/radiobutiabrasil.com\/?p=9476#primaryimage\",\"url\":\"https:\/\/radiobutiabrasil.com\/wp-content\/uploads\/2021\/07\/WhatsApp-Image-2021-07-09-at-10.36.48.jpeg\",\"contentUrl\":\"https:\/\/radiobutiabrasil.com\/wp-content\/uploads\/2021\/07\/WhatsApp-Image-2021-07-09-at-10.36.48.jpeg\",\"width\":1080,\"height\":1080},{\"@type\":\"BreadcrumbList\",\"@id\":\"https:\/\/radiobutiabrasil.com\/?p=9476#breadcrumb\",\"itemListElement\":[{\"@type\":\"ListItem\",\"position\":1,\"name\":\"Portada\",\"item\":\"https:\/\/radiobutiabrasil.com\/\"},{\"@type\":\"ListItem\",\"position\":2,\"name\":\"A R\u00e1dio Buti\u00e1 Brasil convida voc\u00ea para a LIVE de lan\u00e7amento do programa Pr\u00f3xima parada: Par\u00e1!\"}]},{\"@type\":\"WebSite\",\"@id\":\"https:\/\/radiobutiabrasil.com\/#website\",\"url\":\"https:\/\/radiobutiabrasil.com\/\",\"name\":\"Radio Buti\u00e1 Brasil\",\"description\":\"a boa m\u00fasica pra toda a vida\",\"potentialAction\":[{\"@type\":\"SearchAction\",\"target\":{\"@type\":\"EntryPoint\",\"urlTemplate\":\"https:\/\/radiobutiabrasil.com\/?s={search_term_string}\"},\"query-input\":{\"@type\":\"PropertyValueSpecification\",\"valueRequired\":true,\"valueName\":\"search_term_string\"}}],\"inLanguage\":\"pt-BR\"},{\"@type\":\"Person\",\"@id\":\"https:\/\/radiobutiabrasil.com\/#\/schema\/person\/a8396da749a184716801a5211b949934\",\"name\":\"Radio Butia Brasil\",\"image\":{\"@type\":\"ImageObject\",\"inLanguage\":\"pt-BR\",\"@id\":\"https:\/\/radiobutiabrasil.com\/#\/schema\/person\/image\/\",\"url\":\"https:\/\/secure.gravatar.com\/avatar\/4233fb0f88c8983c6a8cb9e36ca8fc85?s=96&d=mm&r=g\",\"contentUrl\":\"https:\/\/secure.gravatar.com\/avatar\/4233fb0f88c8983c6a8cb9e36ca8fc85?s=96&d=mm&r=g\",\"caption\":\"Radio Butia Brasil\"},\"url\":\"https:\/\/radiobutiabrasil.com\/?author=26\"}]}<\/script>\n<!-- \/ Yoast SEO plugin. -->","yoast_head_json":{"title":"A R\u00e1dio Buti\u00e1 Brasil convida voc\u00ea para a LIVE de lan\u00e7amento do programa Pr\u00f3xima parada: Par\u00e1! - Radio Buti\u00e1 Brasil","robots":{"index":"index","follow":"follow","max-snippet":"max-snippet:-1","max-image-preview":"max-image-preview:large","max-video-preview":"max-video-preview:-1"},"canonical":"https:\/\/radiobutiabrasil.com\/?p=9476","og_locale":"pt_BR","og_type":"article","og_title":"A R\u00e1dio Buti\u00e1 Brasil convida voc\u00ea para a LIVE de lan\u00e7amento do programa Pr\u00f3xima parada: Par\u00e1! - Radio Buti\u00e1 Brasil","og_description":"A R\u00e1dio Buti\u00e1 Brasil convida voc\u00ea para a LIVE de lan\u00e7amento do programa Pr\u00f3xima parada: Par\u00e1!Depois de percorrer pela m\u00fasica infantil produzida hoje em cinco capitais brasileiras, chegamos com muita felicidade \u00e0 regi\u00e3o Norte do pa\u00eds: Bel\u00e9m do Par\u00e1!E olha s\u00f3 quem vem com a gente: Heliana Barriga, Salom\u00e3o Habib, Ester S\u00e1, Alice S\u00e1, Renato [&hellip;]","og_url":"https:\/\/radiobutiabrasil.com\/?p=9476","og_site_name":"Radio Buti\u00e1 Brasil","article_published_time":"2021-07-09T21:00:20+00:00","article_modified_time":"2021-07-09T21:00:22+00:00","og_image":[{"width":1080,"height":1080,"url":"https:\/\/radiobutiabrasil.com\/wp-content\/uploads\/2021\/07\/WhatsApp-Image-2021-07-09-at-10.36.48.jpeg","type":"image\/jpeg"}],"author":"Radio Butia Brasil","twitter_card":"summary_large_image","twitter_misc":{"Escrito por":"Radio Butia Brasil","Est. tempo de leitura":"1 minuto"},"schema":{"@context":"https:\/\/schema.org","@graph":[{"@type":"WebPage","@id":"https:\/\/radiobutiabrasil.com\/?p=9476","url":"https:\/\/radiobutiabrasil.com\/?p=9476","name":"A R\u00e1dio Buti\u00e1 Brasil convida voc\u00ea para a LIVE de lan\u00e7amento do programa Pr\u00f3xima parada: Par\u00e1! - Radio Buti\u00e1 Brasil","isPartOf":{"@id":"https:\/\/radiobutiabrasil.com\/#website"},"primaryImageOfPage":{"@id":"https:\/\/radiobutiabrasil.com\/?p=9476#primaryimage"},"image":{"@id":"https:\/\/radiobutiabrasil.com\/?p=9476#primaryimage"},"thumbnailUrl":"https:\/\/radiobutiabrasil.com\/wp-content\/uploads\/2021\/07\/WhatsApp-Image-2021-07-09-at-10.36.48.jpeg","datePublished":"2021-07-09T21:00:20+00:00","dateModified":"2021-07-09T21:00:22+00:00","author":{"@id":"https:\/\/radiobutiabrasil.com\/#\/schema\/person\/a8396da749a184716801a5211b949934"},"breadcrumb":{"@id":"https:\/\/radiobutiabrasil.com\/?p=9476#breadcrumb"},"inLanguage":"pt-BR","potentialAction":[{"@type":"ReadAction","target":["https:\/\/radiobutiabrasil.com\/?p=9476"]}]},{"@type":"ImageObject","inLanguage":"pt-BR","@id":"https:\/\/radiobutiabrasil.com\/?p=9476#primaryimage","url":"https:\/\/radiobutiabrasil.com\/wp-content\/uploads\/2021\/07\/WhatsApp-Image-2021-07-09-at-10.36.48.jpeg","contentUrl":"https:\/\/radiobutiabrasil.com\/wp-content\/uploads\/2021\/07\/WhatsApp-Image-2021-07-09-at-10.36.48.jpeg","width":1080,"height":1080},{"@type":"BreadcrumbList","@id":"https:\/\/radiobutiabrasil.com\/?p=9476#breadcrumb","itemListElement":[{"@type":"ListItem","position":1,"name":"Portada","item":"https:\/\/radiobutiabrasil.com\/"},{"@type":"ListItem","position":2,"name":"A R\u00e1dio Buti\u00e1 Brasil convida voc\u00ea para a LIVE de lan\u00e7amento do programa Pr\u00f3xima parada: Par\u00e1!"}]},{"@type":"WebSite","@id":"https:\/\/radiobutiabrasil.com\/#website","url":"https:\/\/radiobutiabrasil.com\/","name":"Radio Buti\u00e1 Brasil","description":"a boa m\u00fasica pra toda a vida","potentialAction":[{"@type":"SearchAction","target":{"@type":"EntryPoint","urlTemplate":"https:\/\/radiobutiabrasil.com\/?s={search_term_string}"},"query-input":{"@type":"PropertyValueSpecification","valueRequired":true,"valueName":"search_term_string"}}],"inLanguage":"pt-BR"},{"@type":"Person","@id":"https:\/\/radiobutiabrasil.com\/#\/schema\/person\/a8396da749a184716801a5211b949934","name":"Radio Butia Brasil","image":{"@type":"ImageObject","inLanguage":"pt-BR","@id":"https:\/\/radiobutiabrasil.com\/#\/schema\/person\/image\/","url":"https:\/\/secure.gravatar.com\/avatar\/4233fb0f88c8983c6a8cb9e36ca8fc85?s=96&d=mm&r=g","contentUrl":"https:\/\/secure.gravatar.com\/avatar\/4233fb0f88c8983c6a8cb9e36ca8fc85?s=96&d=mm&r=g","caption":"Radio Butia Brasil"},"url":"https:\/\/radiobutiabrasil.com\/?author=26"}]}},"uagb_featured_image_src":{"full":["https:\/\/radiobutiabrasil.com\/wp-content\/uploads\/2021\/07\/WhatsApp-Image-2021-07-09-at-10.36.48.jpeg",1080,1080,false],"thumbnail":["https:\/\/radiobutiabrasil.com\/wp-content\/uploads\/2021\/07\/WhatsApp-Image-2021-07-09-at-10.36.48-150x150.jpeg",150,150,true],"medium":["https:\/\/radiobutiabrasil.com\/wp-content\/uploads\/2021\/07\/WhatsApp-Image-2021-07-09-at-10.36.48-300x300.jpeg",300,300,true],"medium_large":["https:\/\/radiobutiabrasil.com\/wp-content\/uploads\/2021\/07\/WhatsApp-Image-2021-07-09-at-10.36.48-768x768.jpeg",768,768,true],"large":["https:\/\/radiobutiabrasil.com\/wp-content\/uploads\/2021\/07\/WhatsApp-Image-2021-07-09-at-10.36.48-1024x1024.jpeg",980,980,true],"1536x1536":["https:\/\/radiobutiabrasil.com\/wp-content\/uploads\/2021\/07\/WhatsApp-Image-2021-07-09-at-10.36.48.jpeg",1080,1080,false],"2048x2048":["https:\/\/radiobutiabrasil.com\/wp-content\/uploads\/2021\/07\/WhatsApp-Image-2021-07-09-at-10.36.48.jpeg",1080,1080,false],"woocommerce_thumbnail":["https:\/\/radiobutiabrasil.com\/wp-content\/uploads\/2021\/07\/WhatsApp-Image-2021-07-09-at-10.36.48-324x324.jpeg",324,324,true],"woocommerce_single":["https:\/\/radiobutiabrasil.com\/wp-content\/uploads\/2021\/07\/WhatsApp-Image-2021-07-09-at-10.36.48-416x416.jpeg",416,416,true],"woocommerce_gallery_thumbnail":["https:\/\/radiobutiabrasil.com\/wp-content\/uploads\/2021\/07\/WhatsApp-Image-2021-07-09-at-10.36.48-100x100.jpeg",100,100,true]},"uagb_author_info":{"display_name":"Radio Butia Brasil","author_link":"https:\/\/radiobutiabrasil.com\/?author=26"},"uagb_comment_info":0,"uagb_excerpt":"A R\u00e1dio Buti\u00e1 Brasil convida voc\u00ea para a LIVE de lan\u00e7amento do programa Pr\u00f3xima parada: Par\u00e1!Depois de percorrer pela m\u00fasica infantil produzida hoje em cinco capitais brasileiras, chegamos com muita felicidade \u00e0 regi\u00e3o Norte do pa\u00eds: Bel\u00e9m do Par\u00e1!E olha s\u00f3 quem vem com a gente: Heliana Barriga, Salom\u00e3o Habib, Ester S\u00e1, Alice S\u00e1, Renato&hellip;","_links":{"self":[{"href":"https:\/\/radiobutiabrasil.com\/index.php?rest_route=\/wp\/v2\/posts\/9476","targetHints":{"allow":["GET"]}}],"collection":[{"href":"https:\/\/radiobutiabrasil.com\/index.php?rest_route=\/wp\/v2\/posts"}],"about":[{"href":"https:\/\/radiobutiabrasil.com\/index.php?rest_route=\/wp\/v2\/types\/post"}],"author":[{"embeddable":true,"href":"https:\/\/radiobutiabrasil.com\/index.php?rest_route=\/wp\/v2\/users\/26"}],"replies":[{"embeddable":true,"href":"https:\/\/radiobutiabrasil.com\/index.php?rest_route=%2Fwp%2Fv2%2Fcomments&post=9476"}],"version-history":[{"count":1,"href":"https:\/\/radiobutiabrasil.com\/index.php?rest_route=\/wp\/v2\/posts\/9476\/revisions"}],"predecessor-version":[{"id":9477,"href":"https:\/\/radiobutiabrasil.com\/index.php?rest_route=\/wp\/v2\/posts\/9476\/revisions\/9477"}],"wp:featuredmedia":[{"embeddable":true,"href":"https:\/\/radiobutiabrasil.com\/index.php?rest_route=\/wp\/v2\/media\/9475"}],"wp:attachment":[{"href":"https:\/\/radiobutiabrasil.com\/index.php?rest_route=%2Fwp%2Fv2%2Fmedia&parent=9476"}],"wp:term":[{"taxonomy":"category","embeddable":true,"href":"https:\/\/radiobutiabrasil.com\/index.php?rest_route=%2Fwp%2Fv2%2Fcategories&post=9476"},{"taxonomy":"post_tag","embeddable":true,"href":"https:\/\/radiobutiabrasil.com\/index.php?rest_route=%2Fwp%2Fv2%2Ftags&post=9476"}],"curies":[{"name":"wp","href":"https:\/\/api.w.org\/{rel}","templated":true}]}}