{"id":9481,"date":"2021-07-10T01:54:23","date_gmt":"2021-07-10T01:54:23","guid":{"rendered":"https:\/\/radiobutiabrasil.com\/?p=9481"},"modified":"2021-07-10T15:50:38","modified_gmt":"2021-07-10T15:50:38","slug":"proxima-parada-para","status":"publish","type":"post","link":"https:\/\/radiobutiabrasil.com\/?p=9481","title":{"rendered":"Pr\u00f3xima Parada: Par\u00e1!"},"content":{"rendered":"<h3><\/h3>\n<h3>Depois de percorrer cinco capitais brasileiras garimpando a boa m\u00fasica para a inf\u00e2ncia, a R\u00e1dio Buti\u00e1 Brasil chega \u00e0 primeira capital da regi\u00e3o Norte do pa\u00eds: Bel\u00e9m do Par\u00e1!<\/h3>\n<h3>Com a apresenta\u00e7\u00e3o da locutora mirim paraense <strong>Alice S\u00e1<\/strong> e a produ\u00e7\u00e3o de Caroline Casagrande e Paulo Bi, o programa re\u00fane Heliana Barriga, Salom\u00e3o Habib, Ester S\u00e1, Renato Torres e Carol Magno, Diego Xavier, Crias do Curro Velho, Vanildo Monteiro, Andr\u00e9 Moura , Leonel Ferreira e Girandolando num divertido passeio musical pela cultura do Par\u00e1!\u00a0 Bora escut\u00e1!<\/h3>\n\n <div id=\"wrapperMI_0\" class=\"wrap-mjp nostop flip \" style=\"position: relative; padding:5px 0px 30px 0px; margin:0px; width:100%;\">\n\t<div style=\"display:none;\" class=\"Eabove-mjp\" id=\"Eabove-mjp_0\"><\/div>\n\t <div class=\"subwrap-MI\">\n\t\t <div class=\"jp-innerwrap\">\n\t\t\t <div class=\"innerx\"><\/div>\n\t\t\t <div class=\"innerleft\"><\/div>\n\t\t\t <div class=\"innerright\"><\/div>\n\t\t\t <div class=\"innertab\"><\/div>\n\t\t\t <div class=\"interface-mjp\" style=\"height:120px;\" id=\"interfaceMI_0\">\n\t\t\t\t <div class=\"MI-image Himg left-mjp\" id=\"MI_image_0\" style=\" width:auto; height:120px; overflow:false;\"><\/div>\n\t\t\t\t <div id=\"T_mp3j_0\" class=\"player-track-title right-mjp bold-mjp plain-mjp childNorm-mjp childItalic-mjp\" style=\"left:36px; right:36px;  top:30px;\"><\/div>\n\t\t\t\t <div class=\"bars_holder\">\n\t\t\t\t\t <div class=\"loadMI_mp3j\" id=\"load_mp3j_0\"><\/div>\n\t\t\t\t\t <div class=\"poscolMI_mp3j soften-mjp\" id=\"poscol_mp3j_0\"><\/div>\n\t\t\t\t\t <div class=\"posbarMI_mp3j\" id=\"posbar_mp3j_0\"><\/div>\n\t\t\t\t <\/div>\n\t\t\t\t <div id=\"P-Time-MI_0\" class=\"jp-play-time\"><\/div>\n\t\t\t\t <div id=\"T-Time-MI_0\" class=\"jp-total-time\"><\/div>\n\t\t\t\t <div id=\"statusMI_0\" class=\"statusMI\"><\/div>\n\t\t\t\t <div class=\"transport-MI\"><div class=\"play-mjp\" id=\"playpause_mp3j_0\">Play<\/div><div class=\"stop-mjp\" id=\"stop_mp3j_0\">Stop<\/div><div class=\"next-mjp\" id=\"Next_mp3j_0\">Next&raquo;<\/div><div class=\"prev-mjp\" id=\"Prev_mp3j_0\">&laquo;Prev<\/div><\/div>\n\t\t\t\t <div class=\"buttons-wrap-mjp\" id=\"buttons-wrap-mjp_0\">\n\t\t\t\t\t <div class=\"playlist-toggle-MI\" id=\"playlist-toggle_0\">HIDE PLAYLIST<\/div>\n\t\t\t\t\t <div class=\"mp3j-popout-MI\" id=\"lpp_mp3j_0\" style=\"display:none;\"><\/div>\n\t\t\t\t\t \n\t\t\t\t <\/div>\n\t\t\t <\/div>\n\t\t\t <div class=\"mjp-volwrap\">\n\t\t\t\t <div class=\"MIsliderVolume\" id=\"vol_mp3j_0\"><\/div>\n\t\t\t\t <div class=\"innerExt1\" id=\"innerExt1_0\"><\/div>\n\t\t\t\t <div class=\"innerExt2\" id=\"innerExt2_0\"><\/div>\n\t\t\t <\/div>\n\t\t <\/div>\n\t\t <div style=\"display:none;\" class=\"Ebetween-mjp\" id=\"Ebetween-mjp_0\"><\/div>\n\t\t <div class=\"listwrap_mp3j\" id=\"L_mp3j_0\"><div class=\"wrapper-mjp\"><div class=\"playlist-colour\"><\/div><div class=\"wrapper-mjp\"><ul class=\"ul-mjp childNorm-mjp childPlain-mjp left-mjp\" id=\"UL_mp3j_0\"><li><\/li><\/ul><\/div><\/div><\/div>\n\t <\/div>\n\t <div id=\"mp3j_finfo_0\" class=\"mp3j-finfo\" style=\"display:none;\"><div class=\"mp3j-finfo-sleeve\"><div id=\"mp3j_finfo_gif_0\" class=\"mp3j-finfo-gif\"><\/div><div id=\"mp3j_finfo_txt_0\" class=\"mp3j-finfo-txt\"><\/div><div class=\"mp3j-finfo-close\" id=\"mp3j_finfo_close_0\">X<\/div><\/div><\/div><div id=\"mp3j_dlf_0\" class=\"mp3j-dlframe\" style=\"display:none;\"><\/div>\n\t <div class=\"mp3j-nosolution\" id=\"mp3j_nosolution_0\" style=\"display:none;\"><\/div>\n\t <div style=\"display:none;\" class=\"Ebelow-mjp\" id=\"Ebelow-mjp_0\"><\/div>\n <\/div> \n<script>\nMP3jPLAYLISTS.MI_0 = [\n\t{ name: \"No canto do meu carimb\u00f3 (Uirapuru Mirim) e Cantiga de penas (Salom\u00e3o Habib)\", formats: [\"mp3\"], mp3: \"aHR0cHM6Ly9yYWRpb2J1dGlhYnJhc2lsLmNvbS93cC1jb250ZW50L3VwbG9hZHMvMjAyMS8wNy9QcmltZWlyby1ibG9jby1QYXJhLm1wMw==\", counterpart:\"\", artist: \"\", image: \"false\", imgurl: \"\" },\n\t{ name: \"Girandolando (Cris Rodrigues, Gisele Griz e Rita Melen), Quem viu por a\u00ed o a\u00e7ai?(Heliana Barriga)\", formats: [\"mp3\"], mp3: \"aHR0cHM6Ly9yYWRpb2J1dGlhYnJhc2lsLmNvbS93cC1jb250ZW50L3VwbG9hZHMvMjAyMS8wNy9TZWd1bmRvLWJsb2NvLVBhcmEubXAz\", counterpart:\"\", artist: \"\", image: \"false\", imgurl: \"\" },\n\t{ name: \"Quem quer passear?( Renato Torres e Ester S\u00e1), Rio Menino (Girandolando), A Mata e Matinta Pereira(Vanildo Monteiro\/Crias em Canto)\", formats: [\"mp3\"], mp3: \"aHR0cHM6Ly9yYWRpb2J1dGlhYnJhc2lsLmNvbS93cC1jb250ZW50L3VwbG9hZHMvMjAyMS8wNy9UZXJjZWlyby1CbG9jby1QYXJhLm1wMw==\", counterpart:\"\", artist: \"\", image: \"false\", imgurl: \"\" },\n\t{ name: \"Miri Miriti (Ester S\u00e1 e Andr\u00e9 Moura), Soca-soca (Heliana Barriga), - As crias da alegria (Crias do Curro Velho)\", formats: [\"mp3\"], mp3: \"aHR0cHM6Ly9yYWRpb2J1dGlhYnJhc2lsLmNvbS93cC1jb250ZW50L3VwbG9hZHMvMjAyMS8wNy9RdWFydG8tYmxvY28tUGFyYS5tcDM=\", counterpart:\"\", artist: \"\", image: \"false\", imgurl: \"\" },\n\t{ name: \"M\u00fasica Mi\u00fada (Diego Xavier e Renato Torres) - Rap da Sujeira (Salom\u00e3o Habib), O M\u00e1gico da Pra\u00e7a (Heliana Barriga) - Ao sol o caracol (Carol Magno, Renato Torres e Jade Guilhon)\", formats: [\"mp3\"], mp3: \"aHR0cHM6Ly9yYWRpb2J1dGlhYnJhc2lsLmNvbS93cC1jb250ZW50L3VwbG9hZHMvMjAyMS8wNy9RdWludG8tYmxvY28tUGFyYS5tcDM=\", counterpart:\"\", artist: \"\", image: \"false\", imgurl: \"\" }\n];\n<\/script>\n\n<script>MP3jPLAYERS[0] = { list:MP3jPLAYLISTS.MI_0, tr:0, type:'MI', lstate:true, loop:false, play_txt:'Play', pause_txt:'Pause', pp_title:'Radio Buti\u00e1 Brasil', autoplay:true, download:false, vol:100, height:120, cssclass:'nostop flip ', popout_css:{ enabled:true, \t\t\tcolours: [\"#f0f0f0\", \"rgba(0, 0, 0, 0.18)\", \"rgba(167, 167, 167, 0.55)\", \"rgba(49, 49, 49, 0.64)\", \"rgba(0, 180, 37, 0.91)\", \"#d3d3d3\", \"#d8d8d8\", \"#3d3232\", \"#262120\", \"#262120\", \"#11912b\", \"\/\", 400, 600 ],\n\t\t\tcssInterface: { \"color\": \"#3d3232\" },\n\t\t\tcssTitle: { \"left\": \"36px\", \"right\":\"36px\", \"top\":\"30px\" },\n\t\t\tcssImage: { \"overflow\": \"false\", \"width\":\"auto\", \"height\":\"120px\"  },\n\t\t\tcssFontSize: { \"title\": \"22px\", \"caption\": \"15.4px\", \"list\": \"18px\" },\n\t\t\tclasses: { interface:'', title:' right-mjp bold-mjp plain-mjp childNorm-mjp childItalic-mjp', image:' Himg left-mjp', poscol:' soften-mjp', ul:' childNorm-mjp childPlain-mjp left-mjp' }} };<\/script>\n\n\n<div id='gallery-1' class='gallery galleryid-9481 gallery-columns-3 gallery-size-thumbnail'><figure class='gallery-item'>\n\t\t\t<div class='gallery-icon landscape'>\n\t\t\t\t<a href='https:\/\/radiobutiabrasil.com\/?attachment_id=9489'><img loading=\"lazy\" decoding=\"async\" width=\"150\" height=\"150\" src=\"https:\/\/radiobutiabrasil.com\/wp-content\/uploads\/2021\/07\/Salomao-capa-150x150.jpg\" class=\"attachment-thumbnail size-thumbnail\" alt=\"Pr\u00f3xima parada: Par\u00e1!\" aria-describedby=\"gallery-1-9489\" srcset=\"https:\/\/radiobutiabrasil.com\/wp-content\/uploads\/2021\/07\/Salomao-capa-150x150.jpg 150w, https:\/\/radiobutiabrasil.com\/wp-content\/uploads\/2021\/07\/Salomao-capa-324x324.jpg 324w, https:\/\/radiobutiabrasil.com\/wp-content\/uploads\/2021\/07\/Salomao-capa-100x100.jpg 100w\" sizes=\"auto, (max-width: 150px) 100vw, 150px\" \/><\/a>\n\t\t\t<\/div>\n\t\t\t\t<figcaption class='wp-caption-text gallery-caption' id='gallery-1-9489'>\n\t\t\t\tCantar o Lar &#8211; Salom\u00e3o Habib \n\t\t\t\t<\/figcaption><\/figure><figure class='gallery-item'>\n\t\t\t<div class='gallery-icon portrait'>\n\t\t\t\t<a href='https:\/\/radiobutiabrasil.com\/?attachment_id=9487'><img loading=\"lazy\" decoding=\"async\" width=\"150\" height=\"150\" src=\"https:\/\/radiobutiabrasil.com\/wp-content\/uploads\/2021\/07\/Alice-Sa-150x150.jpg\" class=\"attachment-thumbnail size-thumbnail\" alt=\"\" aria-describedby=\"gallery-1-9487\" srcset=\"https:\/\/radiobutiabrasil.com\/wp-content\/uploads\/2021\/07\/Alice-Sa-150x150.jpg 150w, https:\/\/radiobutiabrasil.com\/wp-content\/uploads\/2021\/07\/Alice-Sa-324x324.jpg 324w, https:\/\/radiobutiabrasil.com\/wp-content\/uploads\/2021\/07\/Alice-Sa-100x100.jpg 100w\" sizes=\"auto, (max-width: 150px) 100vw, 150px\" \/><\/a>\n\t\t\t<\/div>\n\t\t\t\t<figcaption class='wp-caption-text gallery-caption' id='gallery-1-9487'>\n\t\t\t\tAlice S\u00e1\n\t\t\t\t<\/figcaption><\/figure><figure class='gallery-item'>\n\t\t\t<div class='gallery-icon landscape'>\n\t\t\t\t<a href='https:\/\/radiobutiabrasil.com\/?attachment_id=9486'><img loading=\"lazy\" decoding=\"async\" width=\"150\" height=\"150\" src=\"https:\/\/radiobutiabrasil.com\/wp-content\/uploads\/2021\/07\/Torres-e-Sa-150x150.jpg\" class=\"attachment-thumbnail size-thumbnail\" alt=\"\" aria-describedby=\"gallery-1-9486\" srcset=\"https:\/\/radiobutiabrasil.com\/wp-content\/uploads\/2021\/07\/Torres-e-Sa-150x150.jpg 150w, https:\/\/radiobutiabrasil.com\/wp-content\/uploads\/2021\/07\/Torres-e-Sa-100x100.jpg 100w\" sizes=\"auto, (max-width: 150px) 100vw, 150px\" \/><\/a>\n\t\t\t<\/div>\n\t\t\t\t<figcaption class='wp-caption-text gallery-caption' id='gallery-1-9486'>\n\t\t\t\tEster S\u00e1 e Renato Torres\n\t\t\t\t<\/figcaption><\/figure><figure class='gallery-item'>\n\t\t\t<div class='gallery-icon landscape'>\n\t\t\t\t<a href='https:\/\/radiobutiabrasil.com\/?attachment_id=9484'><img loading=\"lazy\" decoding=\"async\" width=\"150\" height=\"150\" src=\"https:\/\/radiobutiabrasil.com\/wp-content\/uploads\/2021\/07\/Renato-Torres-150x150.jpg\" class=\"attachment-thumbnail size-thumbnail\" alt=\"\" aria-describedby=\"gallery-1-9484\" srcset=\"https:\/\/radiobutiabrasil.com\/wp-content\/uploads\/2021\/07\/Renato-Torres-150x150.jpg 150w, https:\/\/radiobutiabrasil.com\/wp-content\/uploads\/2021\/07\/Renato-Torres-324x324.jpg 324w, https:\/\/radiobutiabrasil.com\/wp-content\/uploads\/2021\/07\/Renato-Torres-100x100.jpg 100w\" sizes=\"auto, (max-width: 150px) 100vw, 150px\" \/><\/a>\n\t\t\t<\/div>\n\t\t\t\t<figcaption class='wp-caption-text gallery-caption' id='gallery-1-9484'>\n\t\t\t\tRenato Torres\n\t\t\t\t<\/figcaption><\/figure><figure class='gallery-item'>\n\t\t\t<div class='gallery-icon portrait'>\n\t\t\t\t<a href='https:\/\/radiobutiabrasil.com\/?attachment_id=9483'><img loading=\"lazy\" decoding=\"async\" width=\"150\" height=\"150\" src=\"https:\/\/radiobutiabrasil.com\/wp-content\/uploads\/2021\/07\/Heliana-Barriga-150x150.jpg\" class=\"attachment-thumbnail size-thumbnail\" alt=\"\" aria-describedby=\"gallery-1-9483\" srcset=\"https:\/\/radiobutiabrasil.com\/wp-content\/uploads\/2021\/07\/Heliana-Barriga-150x150.jpg 150w, https:\/\/radiobutiabrasil.com\/wp-content\/uploads\/2021\/07\/Heliana-Barriga-324x324.jpg 324w, https:\/\/radiobutiabrasil.com\/wp-content\/uploads\/2021\/07\/Heliana-Barriga-100x100.jpg 100w\" sizes=\"auto, (max-width: 150px) 100vw, 150px\" \/><\/a>\n\t\t\t<\/div>\n\t\t\t\t<figcaption class='wp-caption-text gallery-caption' id='gallery-1-9483'>\n\t\t\t\tHeliana Barriga\n\t\t\t\t<\/figcaption><\/figure><figure class='gallery-item'>\n\t\t\t<div class='gallery-icon portrait'>\n\t\t\t\t<a href='https:\/\/radiobutiabrasil.com\/?attachment_id=9482'><img loading=\"lazy\" decoding=\"async\" width=\"150\" height=\"150\" src=\"https:\/\/radiobutiabrasil.com\/wp-content\/uploads\/2021\/07\/Foto-Grupo-Girandolando-150x150.jpg\" class=\"attachment-thumbnail size-thumbnail\" alt=\"\" aria-describedby=\"gallery-1-9482\" srcset=\"https:\/\/radiobutiabrasil.com\/wp-content\/uploads\/2021\/07\/Foto-Grupo-Girandolando-150x150.jpg 150w, https:\/\/radiobutiabrasil.com\/wp-content\/uploads\/2021\/07\/Foto-Grupo-Girandolando-324x324.jpg 324w, https:\/\/radiobutiabrasil.com\/wp-content\/uploads\/2021\/07\/Foto-Grupo-Girandolando-100x100.jpg 100w\" sizes=\"auto, (max-width: 150px) 100vw, 150px\" \/><\/a>\n\t\t\t<\/div>\n\t\t\t\t<figcaption class='wp-caption-text gallery-caption' id='gallery-1-9482'>\n\t\t\t\tGirandolando\n\t\t\t\t<\/figcaption><\/figure>\n\t\t<\/div>\n\n<!--[if lt IE 9]><script>document.createElement('video');<\/script><![endif]-->\n\t<div class=\"wp-playlist wp-video-playlist wp-playlist-light\">\n\t\t<video controls=\"controls\" preload=\"none\" width=\"958\"\n\t\t height=\"539\"\t><\/video>\n\t<div class=\"wp-playlist-next\"><\/div>\n\t<div class=\"wp-playlist-prev\"><\/div>\n\t<noscript>\n\t<ol>\n\t\t<li><a href='https:\/\/radiobutiabrasil.com\/wp-content\/uploads\/2021\/07\/Miri-Miriti-video-clipe-cirio-2011-Rede-Cultura-de-Comunicacao.mp4'>Miri Miriti 2011 Rede Cultura de Comunica\u00e7\u00e3o<\/a><\/li><li><a href='https:\/\/radiobutiabrasil.com\/wp-content\/uploads\/2021\/07\/o-carroceiro-sem-cabeca.mp4'>O carroceiro sem cabe\u00e7a por Leonel Ferreira<\/a><\/li><li><a href='https:\/\/radiobutiabrasil.com\/wp-content\/uploads\/2021\/07\/Voando.mp4'>Voando - Carol Magno e Renato Torres<\/a><\/li>\t<\/ol>\n\t<\/noscript>\n\t<script type=\"application\/json\" class=\"wp-playlist-script\">{\"type\":\"video\",\"tracklist\":true,\"tracknumbers\":true,\"images\":true,\"artists\":true,\"tracks\":[{\"src\":\"https:\\\/\\\/radiobutiabrasil.com\\\/wp-content\\\/uploads\\\/2021\\\/07\\\/Miri-Miriti-video-clipe-cirio-2011-Rede-Cultura-de-Comunicacao.mp4\",\"type\":\"video\\\/mp4\",\"title\":\"Miri Miriti 2011 Rede Cultura de Comunica\\u00e7\\u00e3o\",\"caption\":\"\",\"description\":\"\",\"meta\":{\"length_formatted\":\"3:00\"},\"dimensions\":{\"original\":{\"width\":1280,\"height\":720},\"resized\":{\"width\":958,\"height\":539}},\"image\":{\"src\":\"https:\\\/\\\/radiobutiabrasil.com\\\/wp-includes\\\/images\\\/media\\\/video.svg\",\"width\":48,\"height\":64},\"thumb\":{\"src\":\"https:\\\/\\\/radiobutiabrasil.com\\\/wp-includes\\\/images\\\/media\\\/video.svg\",\"width\":48,\"height\":64}},{\"src\":\"https:\\\/\\\/radiobutiabrasil.com\\\/wp-content\\\/uploads\\\/2021\\\/07\\\/o-carroceiro-sem-cabeca.mp4\",\"type\":\"video\\\/mp4\",\"title\":\"O carroceiro sem cabe\\u00e7a por Leonel Ferreira\",\"caption\":\"\",\"description\":\"\",\"meta\":{\"length_formatted\":\"7:15\"},\"dimensions\":{\"original\":{\"width\":1280,\"height\":720},\"resized\":{\"width\":958,\"height\":539}},\"image\":{\"src\":\"https:\\\/\\\/radiobutiabrasil.com\\\/wp-includes\\\/images\\\/media\\\/video.svg\",\"width\":48,\"height\":64},\"thumb\":{\"src\":\"https:\\\/\\\/radiobutiabrasil.com\\\/wp-includes\\\/images\\\/media\\\/video.svg\",\"width\":48,\"height\":64}},{\"src\":\"https:\\\/\\\/radiobutiabrasil.com\\\/wp-content\\\/uploads\\\/2021\\\/07\\\/Voando.mp4\",\"type\":\"video\\\/mp4\",\"title\":\"Voando - Carol Magno e Renato Torres\",\"caption\":\"\",\"description\":\"\",\"meta\":{\"length_formatted\":\"4:34\"},\"dimensions\":{\"original\":{\"width\":1280,\"height\":720},\"resized\":{\"width\":958,\"height\":539}},\"image\":{\"src\":\"https:\\\/\\\/radiobutiabrasil.com\\\/wp-includes\\\/images\\\/media\\\/video.svg\",\"width\":48,\"height\":64},\"thumb\":{\"src\":\"https:\\\/\\\/radiobutiabrasil.com\\\/wp-includes\\\/images\\\/media\\\/video.svg\",\"width\":48,\"height\":64}}]}<\/script>\n<\/div>\n\t\n<p>&nbsp;<\/p>\n","protected":false},"excerpt":{"rendered":"<p>Depois de percorrer cinco capitais brasileiras garimpando a boa m\u00fasica para a inf\u00e2ncia, a R\u00e1dio Buti\u00e1 Brasil chega \u00e0 primeira capital da regi\u00e3o Norte do pa\u00eds: Bel\u00e9m do Par\u00e1! Com a apresenta\u00e7\u00e3o da locutora mirim paraense Alice S\u00e1 e a produ\u00e7\u00e3o de Caroline Casagrande e Paulo Bi, o programa re\u00fane Heliana Barriga, Salom\u00e3o Habib, Ester [&hellip;]<\/p>\n","protected":false},"author":9,"featured_media":9489,"comment_status":"closed","ping_status":"closed","sticky":false,"template":"","format":"standard","meta":{"_coblocks_attr":"","_coblocks_dimensions":"","_coblocks_responsive_height":"","_coblocks_accordion_ie_support":"","_uag_custom_page_level_css":"","footnotes":""},"categories":[25],"tags":[],"class_list":["post-9481","post","type-post","status-publish","format-standard","has-post-thumbnail","hentry","category-programas"],"yoast_head":"<!-- This site is optimized with the Yoast SEO plugin v26.6 - https:\/\/yoast.com\/wordpress\/plugins\/seo\/ -->\n<title>Pr\u00f3xima Parada: Par\u00e1! - Radio Buti\u00e1 Brasil<\/title>\n<meta name=\"robots\" content=\"index, follow, max-snippet:-1, max-image-preview:large, max-video-preview:-1\" \/>\n<link rel=\"canonical\" href=\"https:\/\/radiobutiabrasil.com\/?p=9481\" \/>\n<meta property=\"og:locale\" content=\"pt_BR\" \/>\n<meta property=\"og:type\" content=\"article\" \/>\n<meta property=\"og:title\" content=\"Pr\u00f3xima Parada: Par\u00e1! - Radio Buti\u00e1 Brasil\" \/>\n<meta property=\"og:description\" content=\"Depois de percorrer cinco capitais brasileiras garimpando a boa m\u00fasica para a inf\u00e2ncia, a R\u00e1dio Buti\u00e1 Brasil chega \u00e0 primeira capital da regi\u00e3o Norte do pa\u00eds: Bel\u00e9m do Par\u00e1! Com a apresenta\u00e7\u00e3o da locutora mirim paraense Alice S\u00e1 e a produ\u00e7\u00e3o de Caroline Casagrande e Paulo Bi, o programa re\u00fane Heliana Barriga, Salom\u00e3o Habib, Ester [&hellip;]\" \/>\n<meta property=\"og:url\" content=\"https:\/\/radiobutiabrasil.com\/?p=9481\" \/>\n<meta property=\"og:site_name\" content=\"Radio Buti\u00e1 Brasil\" \/>\n<meta property=\"article:published_time\" content=\"2021-07-10T01:54:23+00:00\" \/>\n<meta property=\"article:modified_time\" content=\"2021-07-10T15:50:38+00:00\" \/>\n<meta property=\"og:image\" content=\"https:\/\/radiobutiabrasil.com\/wp-content\/uploads\/2021\/07\/Salomao-capa.jpg\" \/>\n\t<meta property=\"og:image:width\" content=\"1032\" \/>\n\t<meta property=\"og:image:height\" content=\"581\" \/>\n\t<meta property=\"og:image:type\" content=\"image\/jpeg\" \/>\n<meta name=\"author\" content=\"caroline casagrande\" \/>\n<meta name=\"twitter:card\" content=\"summary_large_image\" \/>\n<meta name=\"twitter:label1\" content=\"Escrito por\" \/>\n\t<meta name=\"twitter:data1\" content=\"caroline casagrande\" \/>\n\t<meta name=\"twitter:label2\" content=\"Est. tempo de leitura\" \/>\n\t<meta name=\"twitter:data2\" content=\"1 minuto\" \/>\n<script type=\"application\/ld+json\" class=\"yoast-schema-graph\">{\"@context\":\"https:\/\/schema.org\",\"@graph\":[{\"@type\":\"WebPage\",\"@id\":\"https:\/\/radiobutiabrasil.com\/?p=9481\",\"url\":\"https:\/\/radiobutiabrasil.com\/?p=9481\",\"name\":\"Pr\u00f3xima Parada: Par\u00e1! - Radio Buti\u00e1 Brasil\",\"isPartOf\":{\"@id\":\"https:\/\/radiobutiabrasil.com\/#website\"},\"primaryImageOfPage\":{\"@id\":\"https:\/\/radiobutiabrasil.com\/?p=9481#primaryimage\"},\"image\":{\"@id\":\"https:\/\/radiobutiabrasil.com\/?p=9481#primaryimage\"},\"thumbnailUrl\":\"https:\/\/radiobutiabrasil.com\/wp-content\/uploads\/2021\/07\/Salomao-capa.jpg\",\"datePublished\":\"2021-07-10T01:54:23+00:00\",\"dateModified\":\"2021-07-10T15:50:38+00:00\",\"author\":{\"@id\":\"https:\/\/radiobutiabrasil.com\/#\/schema\/person\/04c548d3de548f242641a8020b3ade84\"},\"breadcrumb\":{\"@id\":\"https:\/\/radiobutiabrasil.com\/?p=9481#breadcrumb\"},\"inLanguage\":\"pt-BR\",\"potentialAction\":[{\"@type\":\"ReadAction\",\"target\":[\"https:\/\/radiobutiabrasil.com\/?p=9481\"]}]},{\"@type\":\"ImageObject\",\"inLanguage\":\"pt-BR\",\"@id\":\"https:\/\/radiobutiabrasil.com\/?p=9481#primaryimage\",\"url\":\"https:\/\/radiobutiabrasil.com\/wp-content\/uploads\/2021\/07\/Salomao-capa.jpg\",\"contentUrl\":\"https:\/\/radiobutiabrasil.com\/wp-content\/uploads\/2021\/07\/Salomao-capa.jpg\",\"width\":1032,\"height\":581,\"caption\":\"Cantar o Lar - Salom\u00e3o Habib\"},{\"@type\":\"BreadcrumbList\",\"@id\":\"https:\/\/radiobutiabrasil.com\/?p=9481#breadcrumb\",\"itemListElement\":[{\"@type\":\"ListItem\",\"position\":1,\"name\":\"Portada\",\"item\":\"https:\/\/radiobutiabrasil.com\/\"},{\"@type\":\"ListItem\",\"position\":2,\"name\":\"Pr\u00f3xima Parada: Par\u00e1!\"}]},{\"@type\":\"WebSite\",\"@id\":\"https:\/\/radiobutiabrasil.com\/#website\",\"url\":\"https:\/\/radiobutiabrasil.com\/\",\"name\":\"Radio Buti\u00e1 Brasil\",\"description\":\"a boa m\u00fasica pra toda a vida\",\"potentialAction\":[{\"@type\":\"SearchAction\",\"target\":{\"@type\":\"EntryPoint\",\"urlTemplate\":\"https:\/\/radiobutiabrasil.com\/?s={search_term_string}\"},\"query-input\":{\"@type\":\"PropertyValueSpecification\",\"valueRequired\":true,\"valueName\":\"search_term_string\"}}],\"inLanguage\":\"pt-BR\"},{\"@type\":\"Person\",\"@id\":\"https:\/\/radiobutiabrasil.com\/#\/schema\/person\/04c548d3de548f242641a8020b3ade84\",\"name\":\"caroline casagrande\",\"image\":{\"@type\":\"ImageObject\",\"inLanguage\":\"pt-BR\",\"@id\":\"https:\/\/radiobutiabrasil.com\/#\/schema\/person\/image\/\",\"url\":\"https:\/\/secure.gravatar.com\/avatar\/abc72c2d5c80890d6d1736b431679681?s=96&d=mm&r=g\",\"contentUrl\":\"https:\/\/secure.gravatar.com\/avatar\/abc72c2d5c80890d6d1736b431679681?s=96&d=mm&r=g\",\"caption\":\"caroline casagrande\"},\"url\":\"https:\/\/radiobutiabrasil.com\/?author=9\"}]}<\/script>\n<!-- \/ Yoast SEO plugin. -->","yoast_head_json":{"title":"Pr\u00f3xima Parada: Par\u00e1! - Radio Buti\u00e1 Brasil","robots":{"index":"index","follow":"follow","max-snippet":"max-snippet:-1","max-image-preview":"max-image-preview:large","max-video-preview":"max-video-preview:-1"},"canonical":"https:\/\/radiobutiabrasil.com\/?p=9481","og_locale":"pt_BR","og_type":"article","og_title":"Pr\u00f3xima Parada: Par\u00e1! - Radio Buti\u00e1 Brasil","og_description":"Depois de percorrer cinco capitais brasileiras garimpando a boa m\u00fasica para a inf\u00e2ncia, a R\u00e1dio Buti\u00e1 Brasil chega \u00e0 primeira capital da regi\u00e3o Norte do pa\u00eds: Bel\u00e9m do Par\u00e1! Com a apresenta\u00e7\u00e3o da locutora mirim paraense Alice S\u00e1 e a produ\u00e7\u00e3o de Caroline Casagrande e Paulo Bi, o programa re\u00fane Heliana Barriga, Salom\u00e3o Habib, Ester [&hellip;]","og_url":"https:\/\/radiobutiabrasil.com\/?p=9481","og_site_name":"Radio Buti\u00e1 Brasil","article_published_time":"2021-07-10T01:54:23+00:00","article_modified_time":"2021-07-10T15:50:38+00:00","og_image":[{"width":1032,"height":581,"url":"https:\/\/radiobutiabrasil.com\/wp-content\/uploads\/2021\/07\/Salomao-capa.jpg","type":"image\/jpeg"}],"author":"caroline casagrande","twitter_card":"summary_large_image","twitter_misc":{"Escrito por":"caroline casagrande","Est. tempo de leitura":"1 minuto"},"schema":{"@context":"https:\/\/schema.org","@graph":[{"@type":"WebPage","@id":"https:\/\/radiobutiabrasil.com\/?p=9481","url":"https:\/\/radiobutiabrasil.com\/?p=9481","name":"Pr\u00f3xima Parada: Par\u00e1! - Radio Buti\u00e1 Brasil","isPartOf":{"@id":"https:\/\/radiobutiabrasil.com\/#website"},"primaryImageOfPage":{"@id":"https:\/\/radiobutiabrasil.com\/?p=9481#primaryimage"},"image":{"@id":"https:\/\/radiobutiabrasil.com\/?p=9481#primaryimage"},"thumbnailUrl":"https:\/\/radiobutiabrasil.com\/wp-content\/uploads\/2021\/07\/Salomao-capa.jpg","datePublished":"2021-07-10T01:54:23+00:00","dateModified":"2021-07-10T15:50:38+00:00","author":{"@id":"https:\/\/radiobutiabrasil.com\/#\/schema\/person\/04c548d3de548f242641a8020b3ade84"},"breadcrumb":{"@id":"https:\/\/radiobutiabrasil.com\/?p=9481#breadcrumb"},"inLanguage":"pt-BR","potentialAction":[{"@type":"ReadAction","target":["https:\/\/radiobutiabrasil.com\/?p=9481"]}]},{"@type":"ImageObject","inLanguage":"pt-BR","@id":"https:\/\/radiobutiabrasil.com\/?p=9481#primaryimage","url":"https:\/\/radiobutiabrasil.com\/wp-content\/uploads\/2021\/07\/Salomao-capa.jpg","contentUrl":"https:\/\/radiobutiabrasil.com\/wp-content\/uploads\/2021\/07\/Salomao-capa.jpg","width":1032,"height":581,"caption":"Cantar o Lar - Salom\u00e3o Habib"},{"@type":"BreadcrumbList","@id":"https:\/\/radiobutiabrasil.com\/?p=9481#breadcrumb","itemListElement":[{"@type":"ListItem","position":1,"name":"Portada","item":"https:\/\/radiobutiabrasil.com\/"},{"@type":"ListItem","position":2,"name":"Pr\u00f3xima Parada: Par\u00e1!"}]},{"@type":"WebSite","@id":"https:\/\/radiobutiabrasil.com\/#website","url":"https:\/\/radiobutiabrasil.com\/","name":"Radio Buti\u00e1 Brasil","description":"a boa m\u00fasica pra toda a vida","potentialAction":[{"@type":"SearchAction","target":{"@type":"EntryPoint","urlTemplate":"https:\/\/radiobutiabrasil.com\/?s={search_term_string}"},"query-input":{"@type":"PropertyValueSpecification","valueRequired":true,"valueName":"search_term_string"}}],"inLanguage":"pt-BR"},{"@type":"Person","@id":"https:\/\/radiobutiabrasil.com\/#\/schema\/person\/04c548d3de548f242641a8020b3ade84","name":"caroline casagrande","image":{"@type":"ImageObject","inLanguage":"pt-BR","@id":"https:\/\/radiobutiabrasil.com\/#\/schema\/person\/image\/","url":"https:\/\/secure.gravatar.com\/avatar\/abc72c2d5c80890d6d1736b431679681?s=96&d=mm&r=g","contentUrl":"https:\/\/secure.gravatar.com\/avatar\/abc72c2d5c80890d6d1736b431679681?s=96&d=mm&r=g","caption":"caroline casagrande"},"url":"https:\/\/radiobutiabrasil.com\/?author=9"}]}},"uagb_featured_image_src":{"full":["https:\/\/radiobutiabrasil.com\/wp-content\/uploads\/2021\/07\/Salomao-capa.jpg",1032,581,false],"thumbnail":["https:\/\/radiobutiabrasil.com\/wp-content\/uploads\/2021\/07\/Salomao-capa-150x150.jpg",150,150,true],"medium":["https:\/\/radiobutiabrasil.com\/wp-content\/uploads\/2021\/07\/Salomao-capa-300x169.jpg",300,169,true],"medium_large":["https:\/\/radiobutiabrasil.com\/wp-content\/uploads\/2021\/07\/Salomao-capa-768x432.jpg",768,432,true],"large":["https:\/\/radiobutiabrasil.com\/wp-content\/uploads\/2021\/07\/Salomao-capa-1024x576.jpg",980,551,true],"1536x1536":["https:\/\/radiobutiabrasil.com\/wp-content\/uploads\/2021\/07\/Salomao-capa.jpg",1032,581,false],"2048x2048":["https:\/\/radiobutiabrasil.com\/wp-content\/uploads\/2021\/07\/Salomao-capa.jpg",1032,581,false],"woocommerce_thumbnail":["https:\/\/radiobutiabrasil.com\/wp-content\/uploads\/2021\/07\/Salomao-capa-324x324.jpg",324,324,true],"woocommerce_single":["https:\/\/radiobutiabrasil.com\/wp-content\/uploads\/2021\/07\/Salomao-capa-416x234.jpg",416,234,true],"woocommerce_gallery_thumbnail":["https:\/\/radiobutiabrasil.com\/wp-content\/uploads\/2021\/07\/Salomao-capa-100x100.jpg",100,100,true]},"uagb_author_info":{"display_name":"caroline casagrande","author_link":"https:\/\/radiobutiabrasil.com\/?author=9"},"uagb_comment_info":0,"uagb_excerpt":"Depois de percorrer cinco capitais brasileiras garimpando a boa m\u00fasica para a inf\u00e2ncia, a R\u00e1dio Buti\u00e1 Brasil chega \u00e0 primeira capital da regi\u00e3o Norte do pa\u00eds: Bel\u00e9m do Par\u00e1! Com a apresenta\u00e7\u00e3o da locutora mirim paraense Alice S\u00e1 e a produ\u00e7\u00e3o de Caroline Casagrande e Paulo Bi, o programa re\u00fane Heliana Barriga, Salom\u00e3o Habib, Ester&hellip;","_links":{"self":[{"href":"https:\/\/radiobutiabrasil.com\/index.php?rest_route=\/wp\/v2\/posts\/9481","targetHints":{"allow":["GET"]}}],"collection":[{"href":"https:\/\/radiobutiabrasil.com\/index.php?rest_route=\/wp\/v2\/posts"}],"about":[{"href":"https:\/\/radiobutiabrasil.com\/index.php?rest_route=\/wp\/v2\/types\/post"}],"author":[{"embeddable":true,"href":"https:\/\/radiobutiabrasil.com\/index.php?rest_route=\/wp\/v2\/users\/9"}],"replies":[{"embeddable":true,"href":"https:\/\/radiobutiabrasil.com\/index.php?rest_route=%2Fwp%2Fv2%2Fcomments&post=9481"}],"version-history":[{"count":8,"href":"https:\/\/radiobutiabrasil.com\/index.php?rest_route=\/wp\/v2\/posts\/9481\/revisions"}],"predecessor-version":[{"id":9504,"href":"https:\/\/radiobutiabrasil.com\/index.php?rest_route=\/wp\/v2\/posts\/9481\/revisions\/9504"}],"wp:featuredmedia":[{"embeddable":true,"href":"https:\/\/radiobutiabrasil.com\/index.php?rest_route=\/wp\/v2\/media\/9489"}],"wp:attachment":[{"href":"https:\/\/radiobutiabrasil.com\/index.php?rest_route=%2Fwp%2Fv2%2Fmedia&parent=9481"}],"wp:term":[{"taxonomy":"category","embeddable":true,"href":"https:\/\/radiobutiabrasil.com\/index.php?rest_route=%2Fwp%2Fv2%2Fcategories&post=9481"},{"taxonomy":"post_tag","embeddable":true,"href":"https:\/\/radiobutiabrasil.com\/index.php?rest_route=%2Fwp%2Fv2%2Ftags&post=9481"}],"curies":[{"name":"wp","href":"https:\/\/api.w.org\/{rel}","templated":true}]}}