{"id":9572,"date":"2024-04-05T13:06:09","date_gmt":"2024-04-05T13:06:09","guid":{"rendered":"https:\/\/radiobutiabrasil.com\/?p=9572"},"modified":"2024-04-05T13:46:51","modified_gmt":"2024-04-05T13:46:51","slug":"brasil-cancoes-e-regioes-musica-para-infancia-em-10-capitais-brasileiras","status":"publish","type":"post","link":"https:\/\/radiobutiabrasil.com\/?p=9572","title":{"rendered":"Brasil: Can\u00e7\u00f5es e Regi\u00f5es &#8211; M\u00fasica para inf\u00e2ncia em 10 capitais brasileiras."},"content":{"rendered":"<div class=\"wp-block-columns is-layout-flex wp-container-core-columns-is-layout-1 wp-block-columns-is-layout-flex\"><div class=\"wp-block-column is-layout-flow wp-block-column-is-layout-flow\"><figure class=\"wp-block-image size-full\"><img loading=\"lazy\" decoding=\"async\" width=\"1600\" height=\"1600\" src=\"https:\/\/radiobutiabrasil.com\/wp-content\/uploads\/2024\/04\/portugues.jpg\" alt=\"\" class=\"wp-image-9576\" srcset=\"https:\/\/radiobutiabrasil.com\/wp-content\/uploads\/2024\/04\/portugues.jpg 1600w, https:\/\/radiobutiabrasil.com\/wp-content\/uploads\/2024\/04\/portugues-300x300.jpg 300w, https:\/\/radiobutiabrasil.com\/wp-content\/uploads\/2024\/04\/portugues-1024x1024.jpg 1024w, https:\/\/radiobutiabrasil.com\/wp-content\/uploads\/2024\/04\/portugues-150x150.jpg 150w, https:\/\/radiobutiabrasil.com\/wp-content\/uploads\/2024\/04\/portugues-768x768.jpg 768w, https:\/\/radiobutiabrasil.com\/wp-content\/uploads\/2024\/04\/portugues-1536x1536.jpg 1536w, https:\/\/radiobutiabrasil.com\/wp-content\/uploads\/2024\/04\/portugues-324x324.jpg 324w, https:\/\/radiobutiabrasil.com\/wp-content\/uploads\/2024\/04\/portugues-416x416.jpg 416w, https:\/\/radiobutiabrasil.com\/wp-content\/uploads\/2024\/04\/portugues-100x100.jpg 100w\" sizes=\"auto, (max-width: 1600px) 100vw, 1600px\" \/><\/figure><\/div>\n\n<div class=\"wp-block-column is-layout-flow wp-block-column-is-layout-flow\"><p>Esse ano a R\u00e1dio Buti\u00e1 Brasil comemora seus 5 anos de vida completando a s\u00e9rie Brasil: Can\u00e7\u00f5es e Regi\u00f5es &#8211; M\u00fasica para inf\u00e2ncia em 10 capitais brasileiras.<br><br>S\u00e3o tr\u00eas novos programas contemplados pelo Pr\u00eamio Iberm\u00fasicas 2023\/24 na categoria Conte\u00fados Digitais: Florian\u00f3polis, Campo Grande e Fortaleza!\u00a0<br><br>Mais tr\u00eas capitais em diferentes regi\u00f5es do Brasil pra\u00a0gente conhecer a m\u00fasica e a cultura para crian\u00e7as desses lugares&#8230;<br><br>Ou\u00e7a aqui os programas com as capitais que a R\u00e1dio Buti\u00e1 Brasil j\u00e1 passou e aguarde o lan\u00e7amento da continua\u00e7\u00e3o da s\u00e9rie com o 8\u00ba programa Brasil: Can\u00e7\u00f5es e Regi\u00f5es &#8211; Florian\u00f3polis(SC) no dia 8 de junho em Curitiba na Biblioteca P\u00fablica do Paran\u00e1.<\/p><\/div><\/div>\n <div id=\"wrapperMI_0\" class=\"wrap-mjp nostop flip \" style=\"position: relative; padding:5px 0px 30px 0px; margin:0px; width:100%;\">\n\t<div style=\"display:none;\" class=\"Eabove-mjp\" id=\"Eabove-mjp_0\"><\/div>\n\t <div class=\"subwrap-MI\">\n\t\t <div class=\"jp-innerwrap\">\n\t\t\t <div class=\"innerx\"><\/div>\n\t\t\t <div class=\"innerleft\"><\/div>\n\t\t\t <div class=\"innerright\"><\/div>\n\t\t\t <div class=\"innertab\"><\/div>\n\t\t\t <div class=\"interface-mjp\" style=\"height:120px;\" id=\"interfaceMI_0\">\n\t\t\t\t <div class=\"MI-image Himg left-mjp\" id=\"MI_image_0\" style=\" width:auto; height:120px; overflow:false;\"><\/div>\n\t\t\t\t <div id=\"T_mp3j_0\" class=\"player-track-title right-mjp bold-mjp plain-mjp childNorm-mjp childItalic-mjp\" style=\"left:36px; right:36px;  top:30px;\"><\/div>\n\t\t\t\t <div class=\"bars_holder\">\n\t\t\t\t\t <div class=\"loadMI_mp3j\" id=\"load_mp3j_0\"><\/div>\n\t\t\t\t\t <div class=\"poscolMI_mp3j soften-mjp\" id=\"poscol_mp3j_0\"><\/div>\n\t\t\t\t\t <div class=\"posbarMI_mp3j\" id=\"posbar_mp3j_0\"><\/div>\n\t\t\t\t <\/div>\n\t\t\t\t <div id=\"P-Time-MI_0\" class=\"jp-play-time\"><\/div>\n\t\t\t\t <div id=\"T-Time-MI_0\" class=\"jp-total-time\"><\/div>\n\t\t\t\t <div id=\"statusMI_0\" class=\"statusMI\"><\/div>\n\t\t\t\t <div class=\"transport-MI\"><div class=\"play-mjp\" id=\"playpause_mp3j_0\">Play<\/div><div class=\"stop-mjp\" id=\"stop_mp3j_0\">Stop<\/div><div class=\"next-mjp\" id=\"Next_mp3j_0\">Next&raquo;<\/div><div class=\"prev-mjp\" id=\"Prev_mp3j_0\">&laquo;Prev<\/div><\/div>\n\t\t\t\t <div class=\"buttons-wrap-mjp\" id=\"buttons-wrap-mjp_0\">\n\t\t\t\t\t <div class=\"playlist-toggle-MI\" id=\"playlist-toggle_0\">HIDE PLAYLIST<\/div>\n\t\t\t\t\t <div class=\"mp3j-popout-MI\" id=\"lpp_mp3j_0\" style=\"display:none;\"><\/div>\n\t\t\t\t\t \n\t\t\t\t <\/div>\n\t\t\t <\/div>\n\t\t\t <div class=\"mjp-volwrap\">\n\t\t\t\t <div class=\"MIsliderVolume\" id=\"vol_mp3j_0\"><\/div>\n\t\t\t\t <div class=\"innerExt1\" id=\"innerExt1_0\"><\/div>\n\t\t\t\t <div class=\"innerExt2\" id=\"innerExt2_0\"><\/div>\n\t\t\t <\/div>\n\t\t <\/div>\n\t\t <div style=\"display:none;\" class=\"Ebetween-mjp\" id=\"Ebetween-mjp_0\"><\/div>\n\t\t <div class=\"listwrap_mp3j\" id=\"L_mp3j_0\"><div class=\"wrapper-mjp\"><div class=\"playlist-colour\"><\/div><div class=\"wrapper-mjp\"><ul class=\"ul-mjp childNorm-mjp childPlain-mjp left-mjp\" id=\"UL_mp3j_0\"><li><\/li><\/ul><\/div><\/div><\/div>\n\t <\/div>\n\t <div id=\"mp3j_finfo_0\" class=\"mp3j-finfo\" style=\"display:none;\"><div class=\"mp3j-finfo-sleeve\"><div id=\"mp3j_finfo_gif_0\" class=\"mp3j-finfo-gif\"><\/div><div id=\"mp3j_finfo_txt_0\" class=\"mp3j-finfo-txt\"><\/div><div class=\"mp3j-finfo-close\" id=\"mp3j_finfo_close_0\">X<\/div><\/div><\/div><div id=\"mp3j_dlf_0\" class=\"mp3j-dlframe\" style=\"display:none;\"><\/div>\n\t <div class=\"mp3j-nosolution\" id=\"mp3j_nosolution_0\" style=\"display:none;\"><\/div>\n\t <div style=\"display:none;\" class=\"Ebelow-mjp\" id=\"Ebelow-mjp_0\"><\/div>\n <\/div> \n<script>\nMP3jPLAYLISTS.MI_0 = [\n\t{ name: \"Programa 1 R\u00e1dio Buti\u00e1 Brasil S\u00e3o Paulo - Can\u00e7\u00f5es e Regi\u00f5es\", formats: [\"mp3\"], mp3: \"aHR0cHM6Ly9yYWRpb2J1dGlhYnJhc2lsLmNvbS93cC1jb250ZW50L3VwbG9hZHMvMjAyNC8wNC9Qcm9ncmFtYS0xLVJhZGlvLUJ1dGlhLUJyYXNpbC1TYW8tUGF1bG8tQ2FuY29lcy1lLVJlZ2lvZXMubXAz\", counterpart:\"\", artist: \"Caroline Casagrande - Paulo Bi\", image: \"false\", imgurl: \"\" },\n\t{ name: \"Programa 2 R\u00e1dio Buti\u00e1 Brasil B\u00e9lem do Par\u00e1 - Can\u00e7\u00f5es e Regi\u00f5es\", formats: [\"mp3\"], mp3: \"aHR0cHM6Ly9yYWRpb2J1dGlhYnJhc2lsLmNvbS93cC1jb250ZW50L3VwbG9hZHMvMjAyNC8wNC9Qcm9ncmFtYS0yLVJhZGlvLUJ1dGlhLUJyYXNpbC1CZWxlbS1kby1QYXJhLUNhbmNvZXMtZS1SZWdpb2VzLm1wMw==\", counterpart:\"\", artist: \"Caroline Casagrande - Paulo Bi\", image: \"false\", imgurl: \"\" },\n\t{ name: \"Programa 3 R\u00e1dio Buti\u00e1 Brasil Brasil ao meio - Can\u00e7\u00f5es e Regi\u00f5es\", formats: [\"mp3\"], mp3: \"aHR0cHM6Ly9yYWRpb2J1dGlhYnJhc2lsLmNvbS93cC1jb250ZW50L3VwbG9hZHMvMjAyNC8wNC9Qcm9ncmFtYS0zLVJhZGlvLUJ1dGlhLUJyYXNpbC1CcmFzaWwtYW8tbWVpby1DYW5jb2VzLWUtUmVnaW9lcy5tcDM=\", counterpart:\"\", artist: \"Caroline Casagrande - Paulo Bi\", image: \"false\", imgurl: \"\" }\n];\n<\/script>\n\n<script>MP3jPLAYERS[0] = { list:MP3jPLAYLISTS.MI_0, tr:0, type:'MI', lstate:true, loop:false, play_txt:'Play', pause_txt:'Pause', pp_title:'Radio Buti\u00e1 Brasil', autoplay:true, download:false, vol:100, height:120, cssclass:'nostop flip ', popout_css:{ enabled:true, \t\t\tcolours: [\"#f0f0f0\", \"rgba(0, 0, 0, 0.18)\", \"rgba(167, 167, 167, 0.55)\", \"rgba(49, 49, 49, 0.64)\", \"rgba(0, 180, 37, 0.91)\", \"#d3d3d3\", \"#d8d8d8\", \"#3d3232\", \"#262120\", \"#262120\", \"#11912b\", \"\/\", 400, 600 ],\n\t\t\tcssInterface: { \"color\": \"#3d3232\" },\n\t\t\tcssTitle: { \"left\": \"36px\", \"right\":\"36px\", \"top\":\"30px\" },\n\t\t\tcssImage: { \"overflow\": \"false\", \"width\":\"auto\", \"height\":\"120px\"  },\n\t\t\tcssFontSize: { \"title\": \"22px\", \"caption\": \"15.4px\", \"list\": \"18px\" },\n\t\t\tclasses: { interface:'', title:' right-mjp bold-mjp plain-mjp childNorm-mjp childItalic-mjp', image:' Himg left-mjp', poscol:' soften-mjp', ul:' childNorm-mjp childPlain-mjp left-mjp' }} };<\/script>\n\n","protected":false},"excerpt":{"rendered":"<p>Esse ano a R\u00e1dio Buti\u00e1 Brasil comemora seus 5 anos de vida completando a s\u00e9rie Brasil: Can\u00e7\u00f5es e Regi\u00f5es &#8211; M\u00fasica para inf\u00e2ncia em 10 capitais brasileiras. S\u00e3o tr\u00eas novos programas contemplados pelo Pr\u00eamio Iberm\u00fasicas 2023\/24 na categoria Conte\u00fados Digitais: Florian\u00f3polis, Campo Grande e Fortaleza!\u00a0 Mais tr\u00eas capitais em diferentes regi\u00f5es do Brasil pra\u00a0gente conhecer [&hellip;]<\/p>\n","protected":false},"author":26,"featured_media":9576,"comment_status":"closed","ping_status":"closed","sticky":false,"template":"","format":"standard","meta":{"_coblocks_attr":"","_coblocks_dimensions":"","_coblocks_responsive_height":"","_coblocks_accordion_ie_support":"","_uag_custom_page_level_css":"","footnotes":""},"categories":[23,25],"tags":[],"class_list":["post-9572","post","type-post","status-publish","format-standard","has-post-thumbnail","hentry","category-noticias","category-programas"],"yoast_head":"<!-- This site is optimized with the Yoast SEO plugin v26.6 - https:\/\/yoast.com\/wordpress\/plugins\/seo\/ -->\n<title>Brasil: Can\u00e7\u00f5es e Regi\u00f5es - M\u00fasica para inf\u00e2ncia em 10 capitais brasileiras. - Radio Buti\u00e1 Brasil<\/title>\n<meta name=\"robots\" content=\"index, follow, max-snippet:-1, max-image-preview:large, max-video-preview:-1\" \/>\n<link rel=\"canonical\" href=\"https:\/\/radiobutiabrasil.com\/?p=9572\" \/>\n<meta property=\"og:locale\" content=\"pt_BR\" \/>\n<meta property=\"og:type\" content=\"article\" \/>\n<meta property=\"og:title\" content=\"Brasil: Can\u00e7\u00f5es e Regi\u00f5es - M\u00fasica para inf\u00e2ncia em 10 capitais brasileiras. - Radio Buti\u00e1 Brasil\" \/>\n<meta property=\"og:description\" content=\"Esse ano a R\u00e1dio Buti\u00e1 Brasil comemora seus 5 anos de vida completando a s\u00e9rie Brasil: Can\u00e7\u00f5es e Regi\u00f5es &#8211; M\u00fasica para inf\u00e2ncia em 10 capitais brasileiras. S\u00e3o tr\u00eas novos programas contemplados pelo Pr\u00eamio Iberm\u00fasicas 2023\/24 na categoria Conte\u00fados Digitais: Florian\u00f3polis, Campo Grande e Fortaleza!\u00a0 Mais tr\u00eas capitais em diferentes regi\u00f5es do Brasil pra\u00a0gente conhecer [&hellip;]\" \/>\n<meta property=\"og:url\" content=\"https:\/\/radiobutiabrasil.com\/?p=9572\" \/>\n<meta property=\"og:site_name\" content=\"Radio Buti\u00e1 Brasil\" \/>\n<meta property=\"article:published_time\" content=\"2024-04-05T13:06:09+00:00\" \/>\n<meta property=\"article:modified_time\" content=\"2024-04-05T13:46:51+00:00\" \/>\n<meta property=\"og:image\" content=\"https:\/\/radiobutiabrasil.com\/wp-content\/uploads\/2024\/04\/portugues.jpg\" \/>\n\t<meta property=\"og:image:width\" content=\"1600\" \/>\n\t<meta property=\"og:image:height\" content=\"1600\" \/>\n\t<meta property=\"og:image:type\" content=\"image\/jpeg\" \/>\n<meta name=\"author\" content=\"Radio Butia Brasil\" \/>\n<meta name=\"twitter:card\" content=\"summary_large_image\" \/>\n<meta name=\"twitter:label1\" content=\"Escrito por\" \/>\n\t<meta name=\"twitter:data1\" content=\"Radio Butia Brasil\" \/>\n\t<meta name=\"twitter:label2\" content=\"Est. tempo de leitura\" \/>\n\t<meta name=\"twitter:data2\" content=\"2 minutos\" \/>\n<script type=\"application\/ld+json\" class=\"yoast-schema-graph\">{\"@context\":\"https:\/\/schema.org\",\"@graph\":[{\"@type\":\"WebPage\",\"@id\":\"https:\/\/radiobutiabrasil.com\/?p=9572\",\"url\":\"https:\/\/radiobutiabrasil.com\/?p=9572\",\"name\":\"Brasil: Can\u00e7\u00f5es e Regi\u00f5es - M\u00fasica para inf\u00e2ncia em 10 capitais brasileiras. - Radio Buti\u00e1 Brasil\",\"isPartOf\":{\"@id\":\"https:\/\/radiobutiabrasil.com\/#website\"},\"primaryImageOfPage\":{\"@id\":\"https:\/\/radiobutiabrasil.com\/?p=9572#primaryimage\"},\"image\":{\"@id\":\"https:\/\/radiobutiabrasil.com\/?p=9572#primaryimage\"},\"thumbnailUrl\":\"https:\/\/radiobutiabrasil.com\/wp-content\/uploads\/2024\/04\/portugues.jpg\",\"datePublished\":\"2024-04-05T13:06:09+00:00\",\"dateModified\":\"2024-04-05T13:46:51+00:00\",\"author\":{\"@id\":\"https:\/\/radiobutiabrasil.com\/#\/schema\/person\/a8396da749a184716801a5211b949934\"},\"breadcrumb\":{\"@id\":\"https:\/\/radiobutiabrasil.com\/?p=9572#breadcrumb\"},\"inLanguage\":\"pt-BR\",\"potentialAction\":[{\"@type\":\"ReadAction\",\"target\":[\"https:\/\/radiobutiabrasil.com\/?p=9572\"]}]},{\"@type\":\"ImageObject\",\"inLanguage\":\"pt-BR\",\"@id\":\"https:\/\/radiobutiabrasil.com\/?p=9572#primaryimage\",\"url\":\"https:\/\/radiobutiabrasil.com\/wp-content\/uploads\/2024\/04\/portugues.jpg\",\"contentUrl\":\"https:\/\/radiobutiabrasil.com\/wp-content\/uploads\/2024\/04\/portugues.jpg\",\"width\":1600,\"height\":1600},{\"@type\":\"BreadcrumbList\",\"@id\":\"https:\/\/radiobutiabrasil.com\/?p=9572#breadcrumb\",\"itemListElement\":[{\"@type\":\"ListItem\",\"position\":1,\"name\":\"Portada\",\"item\":\"https:\/\/radiobutiabrasil.com\/\"},{\"@type\":\"ListItem\",\"position\":2,\"name\":\"Brasil: Can\u00e7\u00f5es e Regi\u00f5es &#8211; M\u00fasica para inf\u00e2ncia em 10 capitais brasileiras.\"}]},{\"@type\":\"WebSite\",\"@id\":\"https:\/\/radiobutiabrasil.com\/#website\",\"url\":\"https:\/\/radiobutiabrasil.com\/\",\"name\":\"Radio Buti\u00e1 Brasil\",\"description\":\"a boa m\u00fasica pra toda a vida\",\"potentialAction\":[{\"@type\":\"SearchAction\",\"target\":{\"@type\":\"EntryPoint\",\"urlTemplate\":\"https:\/\/radiobutiabrasil.com\/?s={search_term_string}\"},\"query-input\":{\"@type\":\"PropertyValueSpecification\",\"valueRequired\":true,\"valueName\":\"search_term_string\"}}],\"inLanguage\":\"pt-BR\"},{\"@type\":\"Person\",\"@id\":\"https:\/\/radiobutiabrasil.com\/#\/schema\/person\/a8396da749a184716801a5211b949934\",\"name\":\"Radio Butia Brasil\",\"image\":{\"@type\":\"ImageObject\",\"inLanguage\":\"pt-BR\",\"@id\":\"https:\/\/radiobutiabrasil.com\/#\/schema\/person\/image\/\",\"url\":\"https:\/\/secure.gravatar.com\/avatar\/4233fb0f88c8983c6a8cb9e36ca8fc85?s=96&d=mm&r=g\",\"contentUrl\":\"https:\/\/secure.gravatar.com\/avatar\/4233fb0f88c8983c6a8cb9e36ca8fc85?s=96&d=mm&r=g\",\"caption\":\"Radio Butia Brasil\"},\"url\":\"https:\/\/radiobutiabrasil.com\/?author=26\"}]}<\/script>\n<!-- \/ Yoast SEO plugin. -->","yoast_head_json":{"title":"Brasil: Can\u00e7\u00f5es e Regi\u00f5es - M\u00fasica para inf\u00e2ncia em 10 capitais brasileiras. - Radio Buti\u00e1 Brasil","robots":{"index":"index","follow":"follow","max-snippet":"max-snippet:-1","max-image-preview":"max-image-preview:large","max-video-preview":"max-video-preview:-1"},"canonical":"https:\/\/radiobutiabrasil.com\/?p=9572","og_locale":"pt_BR","og_type":"article","og_title":"Brasil: Can\u00e7\u00f5es e Regi\u00f5es - M\u00fasica para inf\u00e2ncia em 10 capitais brasileiras. - Radio Buti\u00e1 Brasil","og_description":"Esse ano a R\u00e1dio Buti\u00e1 Brasil comemora seus 5 anos de vida completando a s\u00e9rie Brasil: Can\u00e7\u00f5es e Regi\u00f5es &#8211; M\u00fasica para inf\u00e2ncia em 10 capitais brasileiras. S\u00e3o tr\u00eas novos programas contemplados pelo Pr\u00eamio Iberm\u00fasicas 2023\/24 na categoria Conte\u00fados Digitais: Florian\u00f3polis, Campo Grande e Fortaleza!\u00a0 Mais tr\u00eas capitais em diferentes regi\u00f5es do Brasil pra\u00a0gente conhecer [&hellip;]","og_url":"https:\/\/radiobutiabrasil.com\/?p=9572","og_site_name":"Radio Buti\u00e1 Brasil","article_published_time":"2024-04-05T13:06:09+00:00","article_modified_time":"2024-04-05T13:46:51+00:00","og_image":[{"width":1600,"height":1600,"url":"https:\/\/radiobutiabrasil.com\/wp-content\/uploads\/2024\/04\/portugues.jpg","type":"image\/jpeg"}],"author":"Radio Butia Brasil","twitter_card":"summary_large_image","twitter_misc":{"Escrito por":"Radio Butia Brasil","Est. tempo de leitura":"2 minutos"},"schema":{"@context":"https:\/\/schema.org","@graph":[{"@type":"WebPage","@id":"https:\/\/radiobutiabrasil.com\/?p=9572","url":"https:\/\/radiobutiabrasil.com\/?p=9572","name":"Brasil: Can\u00e7\u00f5es e Regi\u00f5es - M\u00fasica para inf\u00e2ncia em 10 capitais brasileiras. - Radio Buti\u00e1 Brasil","isPartOf":{"@id":"https:\/\/radiobutiabrasil.com\/#website"},"primaryImageOfPage":{"@id":"https:\/\/radiobutiabrasil.com\/?p=9572#primaryimage"},"image":{"@id":"https:\/\/radiobutiabrasil.com\/?p=9572#primaryimage"},"thumbnailUrl":"https:\/\/radiobutiabrasil.com\/wp-content\/uploads\/2024\/04\/portugues.jpg","datePublished":"2024-04-05T13:06:09+00:00","dateModified":"2024-04-05T13:46:51+00:00","author":{"@id":"https:\/\/radiobutiabrasil.com\/#\/schema\/person\/a8396da749a184716801a5211b949934"},"breadcrumb":{"@id":"https:\/\/radiobutiabrasil.com\/?p=9572#breadcrumb"},"inLanguage":"pt-BR","potentialAction":[{"@type":"ReadAction","target":["https:\/\/radiobutiabrasil.com\/?p=9572"]}]},{"@type":"ImageObject","inLanguage":"pt-BR","@id":"https:\/\/radiobutiabrasil.com\/?p=9572#primaryimage","url":"https:\/\/radiobutiabrasil.com\/wp-content\/uploads\/2024\/04\/portugues.jpg","contentUrl":"https:\/\/radiobutiabrasil.com\/wp-content\/uploads\/2024\/04\/portugues.jpg","width":1600,"height":1600},{"@type":"BreadcrumbList","@id":"https:\/\/radiobutiabrasil.com\/?p=9572#breadcrumb","itemListElement":[{"@type":"ListItem","position":1,"name":"Portada","item":"https:\/\/radiobutiabrasil.com\/"},{"@type":"ListItem","position":2,"name":"Brasil: Can\u00e7\u00f5es e Regi\u00f5es &#8211; M\u00fasica para inf\u00e2ncia em 10 capitais brasileiras."}]},{"@type":"WebSite","@id":"https:\/\/radiobutiabrasil.com\/#website","url":"https:\/\/radiobutiabrasil.com\/","name":"Radio Buti\u00e1 Brasil","description":"a boa m\u00fasica pra toda a vida","potentialAction":[{"@type":"SearchAction","target":{"@type":"EntryPoint","urlTemplate":"https:\/\/radiobutiabrasil.com\/?s={search_term_string}"},"query-input":{"@type":"PropertyValueSpecification","valueRequired":true,"valueName":"search_term_string"}}],"inLanguage":"pt-BR"},{"@type":"Person","@id":"https:\/\/radiobutiabrasil.com\/#\/schema\/person\/a8396da749a184716801a5211b949934","name":"Radio Butia Brasil","image":{"@type":"ImageObject","inLanguage":"pt-BR","@id":"https:\/\/radiobutiabrasil.com\/#\/schema\/person\/image\/","url":"https:\/\/secure.gravatar.com\/avatar\/4233fb0f88c8983c6a8cb9e36ca8fc85?s=96&d=mm&r=g","contentUrl":"https:\/\/secure.gravatar.com\/avatar\/4233fb0f88c8983c6a8cb9e36ca8fc85?s=96&d=mm&r=g","caption":"Radio Butia Brasil"},"url":"https:\/\/radiobutiabrasil.com\/?author=26"}]}},"uagb_featured_image_src":{"full":["https:\/\/radiobutiabrasil.com\/wp-content\/uploads\/2024\/04\/portugues.jpg",1600,1600,false],"thumbnail":["https:\/\/radiobutiabrasil.com\/wp-content\/uploads\/2024\/04\/portugues-150x150.jpg",150,150,true],"medium":["https:\/\/radiobutiabrasil.com\/wp-content\/uploads\/2024\/04\/portugues-300x300.jpg",300,300,true],"medium_large":["https:\/\/radiobutiabrasil.com\/wp-content\/uploads\/2024\/04\/portugues-768x768.jpg",768,768,true],"large":["https:\/\/radiobutiabrasil.com\/wp-content\/uploads\/2024\/04\/portugues-1024x1024.jpg",980,980,true],"1536x1536":["https:\/\/radiobutiabrasil.com\/wp-content\/uploads\/2024\/04\/portugues-1536x1536.jpg",1536,1536,true],"2048x2048":["https:\/\/radiobutiabrasil.com\/wp-content\/uploads\/2024\/04\/portugues.jpg",1600,1600,false],"woocommerce_thumbnail":["https:\/\/radiobutiabrasil.com\/wp-content\/uploads\/2024\/04\/portugues-324x324.jpg",324,324,true],"woocommerce_single":["https:\/\/radiobutiabrasil.com\/wp-content\/uploads\/2024\/04\/portugues-416x416.jpg",416,416,true],"woocommerce_gallery_thumbnail":["https:\/\/radiobutiabrasil.com\/wp-content\/uploads\/2024\/04\/portugues-100x100.jpg",100,100,true]},"uagb_author_info":{"display_name":"Radio Butia Brasil","author_link":"https:\/\/radiobutiabrasil.com\/?author=26"},"uagb_comment_info":0,"uagb_excerpt":"Esse ano a R\u00e1dio Buti\u00e1 Brasil comemora seus 5 anos de vida completando a s\u00e9rie Brasil: Can\u00e7\u00f5es e Regi\u00f5es &#8211; M\u00fasica para inf\u00e2ncia em 10 capitais brasileiras. S\u00e3o tr\u00eas novos programas contemplados pelo Pr\u00eamio Iberm\u00fasicas 2023\/24 na categoria Conte\u00fados Digitais: Florian\u00f3polis, Campo Grande e Fortaleza!\u00a0 Mais tr\u00eas capitais em diferentes regi\u00f5es do Brasil pra\u00a0gente conhecer&hellip;","_links":{"self":[{"href":"https:\/\/radiobutiabrasil.com\/index.php?rest_route=\/wp\/v2\/posts\/9572","targetHints":{"allow":["GET"]}}],"collection":[{"href":"https:\/\/radiobutiabrasil.com\/index.php?rest_route=\/wp\/v2\/posts"}],"about":[{"href":"https:\/\/radiobutiabrasil.com\/index.php?rest_route=\/wp\/v2\/types\/post"}],"author":[{"embeddable":true,"href":"https:\/\/radiobutiabrasil.com\/index.php?rest_route=\/wp\/v2\/users\/26"}],"replies":[{"embeddable":true,"href":"https:\/\/radiobutiabrasil.com\/index.php?rest_route=%2Fwp%2Fv2%2Fcomments&post=9572"}],"version-history":[{"count":3,"href":"https:\/\/radiobutiabrasil.com\/index.php?rest_route=\/wp\/v2\/posts\/9572\/revisions"}],"predecessor-version":[{"id":9580,"href":"https:\/\/radiobutiabrasil.com\/index.php?rest_route=\/wp\/v2\/posts\/9572\/revisions\/9580"}],"wp:featuredmedia":[{"embeddable":true,"href":"https:\/\/radiobutiabrasil.com\/index.php?rest_route=\/wp\/v2\/media\/9576"}],"wp:attachment":[{"href":"https:\/\/radiobutiabrasil.com\/index.php?rest_route=%2Fwp%2Fv2%2Fmedia&parent=9572"}],"wp:term":[{"taxonomy":"category","embeddable":true,"href":"https:\/\/radiobutiabrasil.com\/index.php?rest_route=%2Fwp%2Fv2%2Fcategories&post=9572"},{"taxonomy":"post_tag","embeddable":true,"href":"https:\/\/radiobutiabrasil.com\/index.php?rest_route=%2Fwp%2Fv2%2Ftags&post=9572"}],"curies":[{"name":"wp","href":"https:\/\/api.w.org\/{rel}","templated":true}]}}